{"id":32390,"date":"2015-11-13T00:54:49","date_gmt":"2015-11-12T23:54:49","guid":{"rendered":"http:\/\/2horizontes.com\/?p=32390"},"modified":"2015-11-13T00:54:49","modified_gmt":"2015-11-12T23:54:49","slug":"apple-se-disculpa-por-expulsion-de-negros-de-una-de-sus-tiendas","status":"publish","type":"post","link":"https:\/\/2horizontes.com\/?p=32390","title":{"rendered":"Apple se disculpa por expulsi\u00f3n de negros de una de sus tiendas"},"content":{"rendered":"<p><strong>SYDNEY, Australia<\/strong>\u2014 Apple se disculp\u00f3 el jueves luego que un grupo de adolescentes negros fuesen expulsados de una de sus tiendas en Melbourne, donde un empleado expres\u00f3 temores de que iban a robarse algo.<\/p>\n<p>El gigante tecnol\u00f3gico enfrent\u00f3 acusaciones de racismo en una ola de cr\u00edticas que comenz\u00f3 cuando uno de los adolescentes coloc\u00f3 un video del incidente del martes en su p\u00e1gina en Facebook, con la leyenda: \u00abSimplemente racismo\u00bb.<\/p>\n<p>En el video se escucha a un empleado de la tienda dici\u00e9ndoles a los adolescentes: \u00abEsta gente est\u00e1 un poco preocupada por la presencia de ustedes en la tienda. Temen que ustedes se roben algo\u00bb.<\/p>\n<p>\u00ab\u00bfPor qu\u00e9 nos robar\u00edamos algo?\u00bb, pregunta uno de los adolescentes.<\/p>\n<p>\u00abSe acab\u00f3 la discusi\u00f3n\u00bb, dice el empleado. \u00abNecesito solicitarles que se salgan de nuestra tienda\u00bb.<\/p>\n<p>Los seis adolescentes, estudiantes de d\u00e9cimo grado del vecino Maribyrnong College y que son de origen africano o de Oriente Medio, no hicieron nada para motivar la expulsi\u00f3n, dijo el director de la escuela, Nick Scott, quien habl\u00f3 con los alumnos sobre el incidente.<\/p>\n<p>\u00abLo que esos muchachos estaban haciendo en la tienda de Apple no es diferente de lo que cualquier otro muchacho hace en esa tienda de Apple, que es mirar aparatos realmente bonitos, jugar con ellos y tomarse fotos\u00bb, dijo Scott. \u00abMuchachos comport\u00e1ndose como muchachos, ciertamente nada diferente que otros muchachos en esos momentos\u00bb.<\/p>\n<p>En una declaraci\u00f3n el jueves, Apple dijo: \u00abHemos examinado los detalles de la situaci\u00f3n y nos disculpamos con los clientes involucrados\u00bb.<\/p>\n<p>La compa\u00f1\u00eda, con sede en Cupertino, California, dijo adem\u00e1s: \u00abLa inclusi\u00f3n y la diversidad est\u00e1n entre los valores centrales de Apple. Nosotros creemos en la igualdad para todos, sin importar raza, edad, g\u00e9nero, identidad de g\u00e9nero, etnicidad, religi\u00f3n u orientaci\u00f3n sexual. Eso se aplica en toda nuestra compa\u00f1\u00eda, en todo el mundo, sin excepciones\u00bb.<\/p>\n<p>Los adolescentes piensan que fueron expulsados simplemente por el color de su piel, dijo Scott.<\/p>\n<p>\u00abMe parece que hubo una cierta respuesta racista impl\u00edcita que simplemente generaliz\u00f3 una expectativa de c\u00f3mo se comportar\u00edan\u00bb, dijo.<\/p>\n<p>Tras enterarse del incidente, Scott se puso en contacto con la tienda y pregunt\u00f3 si los adolescentes pod\u00edan hablar con el gerente para aclarar las cosas, y la tienda asinti\u00f3. El mi\u00e9rcoles, los j\u00f3venes se reunieron con el gerente, quien se disculp\u00f3 y les garantiz\u00f3 que son bienvenidos, dijo Scott.<\/p>\n<p>&nbsp;<\/p>\n","protected":false},"excerpt":{"rendered":"<p>SYDNEY, Australia\u2014 Apple se disculp\u00f3 el jueves luego que un grupo de adolescentes negros fuesen expulsados de una de sus tiendas en Melbourne, donde un empleado expres\u00f3 temores de que iban a robarse algo. El gigante tecnol\u00f3gico enfrent\u00f3 acusaciones de racismo en una ola de cr\u00edticas que comenz\u00f3 cuando uno de los adolescentes coloc\u00f3 un [&hellip;]<\/p>\n","protected":false},"author":8,"featured_media":32391,"comment_status":"open","ping_status":"open","sticky":false,"template":"","format":"standard","meta":{"footnotes":""},"categories":[40],"tags":[],"class_list":["post-32390","post","type-post","status-publish","format-standard","has-post-thumbnail","hentry","category-internacionales"],"_links":{"self":[{"href":"https:\/\/2horizontes.com\/index.php?rest_route=\/wp\/v2\/posts\/32390","targetHints":{"allow":["GET"]}}],"collection":[{"href":"https:\/\/2horizontes.com\/index.php?rest_route=\/wp\/v2\/posts"}],"about":[{"href":"https:\/\/2horizontes.com\/index.php?rest_route=\/wp\/v2\/types\/post"}],"author":[{"embeddable":true,"href":"https:\/\/2horizontes.com\/index.php?rest_route=\/wp\/v2\/users\/8"}],"replies":[{"embeddable":true,"href":"https:\/\/2horizontes.com\/index.php?rest_route=%2Fwp%2Fv2%2Fcomments&post=32390"}],"version-history":[{"count":1,"href":"https:\/\/2horizontes.com\/index.php?rest_route=\/wp\/v2\/posts\/32390\/revisions"}],"predecessor-version":[{"id":32392,"href":"https:\/\/2horizontes.com\/index.php?rest_route=\/wp\/v2\/posts\/32390\/revisions\/32392"}],"wp:featuredmedia":[{"embeddable":true,"href":"https:\/\/2horizontes.com\/index.php?rest_route=\/wp\/v2\/media\/32391"}],"wp:attachment":[{"href":"https:\/\/2horizontes.com\/index.php?rest_route=%2Fwp%2Fv2%2Fmedia&parent=32390"}],"wp:term":[{"taxonomy":"category","embeddable":true,"href":"https:\/\/2horizontes.com\/index.php?rest_route=%2Fwp%2Fv2%2Fcategories&post=32390"},{"taxonomy":"post_tag","embeddable":true,"href":"https:\/\/2horizontes.com\/index.php?rest_route=%2Fwp%2Fv2%2Ftags&post=32390"}],"curies":[{"name":"wp","href":"https:\/\/api.w.org\/{rel}","templated":true}]}}