{"id":32366,"date":"2015-11-12T23:35:00","date_gmt":"2015-11-12T22:35:00","guid":{"rendered":"http:\/\/2horizontes.com\/?p=32366"},"modified":"2015-11-12T23:35:00","modified_gmt":"2015-11-12T22:35:00","slug":"diputados-dan-toques-finales-a-proyecto-de-expresion-y-medios-de-comunicacion","status":"publish","type":"post","link":"https:\/\/2horizontes.com\/?p=32366","title":{"rendered":"Diputados dan toques finales a proyecto de Expresi\u00f3n y Medios de Comunicaci\u00f3n"},"content":{"rendered":"<p>Por: <span class=\"fn\">ALI NU\u00d1EZ<\/span><\/p>\n<p>SANTO DOMINGO.- La Comisi\u00f3n de Medios de Comunicaci\u00f3n de la C\u00e1mara de Diputados acelera la elaboraci\u00f3n del informe final para aprobar el proyecto de ley de Expresi\u00f3n y Medios de Comunicaci\u00f3n.<\/p>\n<p>La pieza, de la autor\u00eda del diputado Elpidio B\u00e1ez, es el marco regulatorio del ejercicio de la libertad de expresi\u00f3n\u00a0 y prensa y sustituye a la Ley 61-32 de Expresi\u00f3n y Difusi\u00f3n del Pensamiento.<\/p>\n<p>En nota enviada a ALMOMENTO.NET, se indica que el proyecto original consta de 53 art\u00edculos distribuidos en VII cap\u00edtulos.<\/p>\n<p>Dice que la finalidad de esta legislaci\u00f3n es que el pa\u00eds cuente con una ley fundada en el principio de prohibici\u00f3n de toda medida preventiva, intervenci\u00f3n\u00a0 y control administrativo en lo que concierne a la expresi\u00f3n de la ideas o a la comunicaci\u00f3n de los hechos.<\/p>\n<p>Tambi\u00e9n la reducci\u00f3n al m\u00ednimo de\u00a0 las formalidades previas a la publicaci\u00f3n.<\/p>\n<p>La mesa de trabajo de este jueves estuvo encabezada por el proponente del proyecto y vocero del Bloque PLD; junto a Nelson Guillen, presidente de la Comisi\u00f3n de Medios de Comunicaci\u00f3n y los diputados Aquiles Ledesma,\u00a0 Carlos Gabriel Garc\u00eda y Nelson Arroyo.<\/p>\n","protected":false},"excerpt":{"rendered":"<p>Por: ALI NU\u00d1EZ SANTO DOMINGO.- La Comisi\u00f3n de Medios de Comunicaci\u00f3n de la C\u00e1mara de Diputados acelera la elaboraci\u00f3n del informe final para aprobar el proyecto de ley de Expresi\u00f3n y Medios de Comunicaci\u00f3n. La pieza, de la autor\u00eda del diputado Elpidio B\u00e1ez, es el marco regulatorio del ejercicio de la libertad de expresi\u00f3n\u00a0 y [&hellip;]<\/p>\n","protected":false},"author":4,"featured_media":32367,"comment_status":"open","ping_status":"open","sticky":false,"template":"","format":"standard","meta":{"footnotes":""},"categories":[43,44],"tags":[],"class_list":["post-32366","post","type-post","status-publish","format-standard","has-post-thumbnail","hentry","category-politica","category-republica-dominicana"],"_links":{"self":[{"href":"https:\/\/2horizontes.com\/index.php?rest_route=\/wp\/v2\/posts\/32366","targetHints":{"allow":["GET"]}}],"collection":[{"href":"https:\/\/2horizontes.com\/index.php?rest_route=\/wp\/v2\/posts"}],"about":[{"href":"https:\/\/2horizontes.com\/index.php?rest_route=\/wp\/v2\/types\/post"}],"author":[{"embeddable":true,"href":"https:\/\/2horizontes.com\/index.php?rest_route=\/wp\/v2\/users\/4"}],"replies":[{"embeddable":true,"href":"https:\/\/2horizontes.com\/index.php?rest_route=%2Fwp%2Fv2%2Fcomments&post=32366"}],"version-history":[{"count":1,"href":"https:\/\/2horizontes.com\/index.php?rest_route=\/wp\/v2\/posts\/32366\/revisions"}],"predecessor-version":[{"id":32368,"href":"https:\/\/2horizontes.com\/index.php?rest_route=\/wp\/v2\/posts\/32366\/revisions\/32368"}],"wp:featuredmedia":[{"embeddable":true,"href":"https:\/\/2horizontes.com\/index.php?rest_route=\/wp\/v2\/media\/32367"}],"wp:attachment":[{"href":"https:\/\/2horizontes.com\/index.php?rest_route=%2Fwp%2Fv2%2Fmedia&parent=32366"}],"wp:term":[{"taxonomy":"category","embeddable":true,"href":"https:\/\/2horizontes.com\/index.php?rest_route=%2Fwp%2Fv2%2Fcategories&post=32366"},{"taxonomy":"post_tag","embeddable":true,"href":"https:\/\/2horizontes.com\/index.php?rest_route=%2Fwp%2Fv2%2Ftags&post=32366"}],"curies":[{"name":"wp","href":"https:\/\/api.w.org\/{rel}","templated":true}]}}