{"id":32357,"date":"2015-11-12T21:12:41","date_gmt":"2015-11-12T20:12:41","guid":{"rendered":"http:\/\/2horizontes.com\/?p=32357"},"modified":"2015-11-12T21:12:41","modified_gmt":"2015-11-12T20:12:41","slug":"como-descubrir-todo-lo-que-facebook-sabe-sobre-ti","status":"publish","type":"post","link":"https:\/\/2horizontes.com\/?p=32357","title":{"rendered":"C\u00f3mo descubrir todo lo que Facebook sabe sobre ti"},"content":{"rendered":"<p class=\"story-body__introduction\">\u00bfTe has parado a pensar en todo lo que Facebook sabe sobre sobre ti? \u00bfY sobre las conexiones que hace la red social para obtener todav\u00eda m\u00e1s informaci\u00f3n?<\/p>\n<p>La red social m\u00e1s popular del mundo acumula datos de casi <strong>1.500 millones de personas.<\/strong><\/p>\n<p>Con esos datos, el gigante creado por Mark Zuckerberg vende anuncios segmentados a otras empresas. Por ejemplo, a un restaurante que busca llegar a mujeres de entre 25 y 40 a\u00f1os en una determinada ciudad a las que les guste la cocina asi\u00e1tica.<\/p>\n<p>Aun ajustando la configuraci\u00f3n de privacidad, <strong>es imposible evitar que la red almacene informaciones sobre ti.<\/strong><\/p>\n<p>En los \u00faltimos a\u00f1os, tras casos pol\u00e9micos como el del austr\u00edaco Max Schrems &#8211; cuya investigaci\u00f3n sobre lo que Facebook sab\u00eda sobre \u00e9l mismo provoc\u00f3 la mayor demanda colectiva contra la empresa, el caso \u00abEuropa vs. Facebook\u00bb- la empresa ha dejado m\u00e1s claras sus pol\u00edticas de datos y privacidad.<\/p>\n<p>Lee tambi\u00e9n: C\u00f3mo se entera Facebook de tus citas amorosas<\/p>\n<p>Quise saber qu\u00e9 era lo que Facebook sab\u00eda, as\u00ed que me baj\u00e9 los datos sobre m\u00ed que tiene la red social -hay que ir a la secci\u00f3n \u00abGeneral\u00bb de la configuraci\u00f3n de Facebook y darle a<strong> \u00abdescargar una Copia de tu informaci\u00f3n\u00bb-<\/strong>, e investigar otros datos almacenados en mi perfil.<\/p>\n<p>Estas son algunas informaciones sorprendentes que Facebook tiene sobre ti.<\/p>\n<h2 class=\"story-body__crosshead\">1- Las &#8216;coordenadas&#8217; de tu cara<\/h2>\n<p>Al bajar una copia de los principales datos sobre m\u00ed que tiene Facebook, obtuve un paquete con archivos para fotos y videos, y un archivo llamado \u00abindex.htm\u00bb que hay que abrir en un navegador. Ese archivo permite visualizar esas informaciones de manera organizada.<\/p>\n<figure class=\"media-landscape no-caption full-width\"><span class=\"image-and-copyright-container\"><img loading=\"lazy\" decoding=\"async\" class=\"js-image-replace\" src=\"http:\/\/ichef-1.bbci.co.uk\/news\/ws\/624\/amz\/worldservice\/live\/assets\/images\/2015\/11\/05\/151105171027_face_two_624x351_thinkstock_nocredit.jpg\" alt=\"Face four\" width=\"624\" height=\"351\" \/><span class=\"off-screen\">Image copyright<\/span><span class=\"story-image-copyright\">Thinkstock<\/span><\/span><\/figure>\n<p>Tras la primera p\u00e1gina del archivo, donde est\u00e1n las informaciones personales, es posible ver <strong>tres l\u00edneas de n\u00fameros<\/strong> que equivalen a una especie de impresi\u00f3n digital de tu rostro, seg\u00fan Thiago Tavares, de la organizaci\u00f3n Safernet.<\/p>\n<p>\u00abHay 34 puntos en la cara que son fijos. La distancia entre esos puntos se puede calcular, y ese c\u00e1lculo permite que un algoritmo consiga identificar autom\u00e1ticamente una cara\u00bb.<\/p>\n<p>Es por eso que, cuando un amigo sube una foto en la que sales, Facebook consigue saber que eres t\u00fa quien est\u00e1 en ella y sugiere que te etiqueten.<\/p>\n<p>Vea: C\u00f3mo evitar que Facebook publique malos recuerdos en tu muro<\/p>\n<p>Pero puedes impedir que la empresa guarde ese mapa de tu cara y te reconozca en las fotos.<\/p>\n<p>Para hacerlo, tienes que ir a \u00abConfiguraci\u00f3n\u00bb y escoger la opci\u00f3n \u00abNadie\u00bb en la pregunta \u00ab\u00bfQui\u00e9n recibe sugerencias para etiquetarte en fotos en las que parece que est\u00e1s presente?\u00bb<\/p>\n<h2 class=\"story-body__crosshead\">2 \u2013 D\u00f3nde est\u00e1s, dentro y fuera de internet<\/h2>\n<p>Una de las secciones m\u00e1s sorprendentes en Facebook es la de \u00abSeguridad\u00bb. All\u00ed hay informaciones sobre las computadoras, celulares y tabletas que usaste para entrar en la p\u00e1gina.<\/p>\n<p>En mi caso, la lista cubr\u00eda los tres \u00faltimos a\u00f1os. All\u00ed est\u00e1n las IPs y tambi\u00e9n las fechas y horarios en los que acced\u00ed a Facebook, los navegadores que utilic\u00e9 y<strong>hasta la operadora del celular con el que me conect\u00e9.<\/strong><\/p>\n<figure class=\"media-landscape no-caption full-width\"><span class=\"image-and-copyright-container\"><img loading=\"lazy\" decoding=\"async\" class=\"js-image-replace\" src=\"http:\/\/ichef.bbci.co.uk\/news\/ws\/624\/amz\/worldservice\/live\/assets\/images\/2015\/11\/05\/151105171531_face_five_624x351_bbc_nocredit.jpg\" alt=\"Face five\" width=\"624\" height=\"351\" \/><\/span><\/figure>\n<p>El archivo tambi\u00e9n tiene <strong>cookies que Facebook almacen\u00f3 en su navegador,<\/strong>archivos que registran rastros de navegaci\u00f3n sobre el tiempo que permanec\u00ed en cada p\u00e1gina, la secuencia de clicks que hice, los datos que coloqu\u00e9 en un formulario online, etc\u00e9tera.<\/p>\n<p>\u00abSi deshabilito en mi computadora el almacenamiento de cookies, no puedo usar Facebook ni muchas p\u00e1ginas y servicios. Por eso estos productos no son gratis como piensa la mayor\u00eda. Pagas con tus datos personales y con tu privacidad\u00bb, dice Tavares.<\/p>\n<p>Lee tambi\u00e9n: Por qu\u00e9 se sigue compartiendo en Facebook ese texto in\u00fatil sobre copyright<\/p>\n<p>Incluso las fotos que compartes en tu perfil pueden trazar datos detallados sobre d\u00f3nde estabas cuando la sacaste.<\/p>\n<h2 class=\"story-body__crosshead\">3 \u2013 Fotos que \u00abolvidaste\u00bb en tu celular<\/h2>\n<p>La secci\u00f3n de <strong>\u00abfotos sincronizadas\u00bb<\/strong> de los datos bajados de Facebook tambi\u00e9n es intrigante. Como yo no ten\u00eda ninguna, no sab\u00eda exactamente qu\u00e9 se almacena en ese apartado.<\/p>\n<p>La app de Facebook para smartphones tiene actualmente una opci\u00f3n para sincronizar autom\u00e1ticamente su celular con tu perfil en la red.<\/p>\n<figure class=\"media-landscape no-caption full-width\"><span class=\"image-and-copyright-container\"><img loading=\"lazy\" decoding=\"async\" class=\"js-image-replace\" src=\"http:\/\/ichef-1.bbci.co.uk\/news\/ws\/624\/amz\/worldservice\/live\/assets\/images\/2015\/11\/05\/151105171103_face_three_624x351_thinkstock_nocredit.jpg\" alt=\"Face four\" width=\"624\" height=\"351\" \/><span class=\"off-screen\">Image copyright<\/span><span class=\"story-image-copyright\">Thinkstock<\/span><\/span><\/figure>\n<p>Si usas mucho la opci\u00f3n de <strong>\u00abconectar con Facebook\u00bb<\/strong> en otras p\u00e1ginas y servicios, debes saber que lo que haces en esas p\u00e1ginas tambi\u00e9n podr\u00e1 ser utilizado en la red de Mark Zuckerberg.<\/p>\n<p>Si se habilita la opci\u00f3n, la p\u00e1gina se comunica con tu celular y transfiere las \u00faltimas fotos que sacaste, sin que necesites hacerlo manualmente, a un \u00e1lbum privado. Si quieres, puedes hacer que ese \u00e1lbum sea p\u00fablico y compartir fotos con amigos.<\/p>\n<p>Thiago Tavares alerta de los peligros de la herramienta. Si alguien consigue la contrase\u00f1a de tu cuenta, tendr\u00e1 acceso a ellas.<\/p>\n<p>\u00abMuchas publicaciones no intencionadas de fotos \u00edntimas acaban sucediendo as\u00ed, como la activaci\u00f3n de la sincronizaci\u00f3n de fotos autom\u00e1tica del celular en Facebook. La persona no lo sabe\u00bb, afirma.<\/p>\n<h2 class=\"story-body__crosshead\">4 \u2013 Lo que te gustar\u00eda comprar<\/h2>\n<p>En la secci\u00f3n \u00abAnuncios\u00bb de mi archivo de datos, encontr\u00e9 una larga lista de empresas y temas que Facebook cree que me gustar\u00eda ver en mi muro.<\/p>\n<p>La mayor\u00eda de los \u00edtems era correcta, pero algunos no ten\u00edan mucho sentido, como pel\u00edculas que no me gustan mucho o nombres de ciudades con las que no tengo relaci\u00f3n. M\u00e1s abajo hay una lista de anuncios a los que yo hice clic en el sitio.<\/p>\n<figure class=\"media-landscape no-caption body-narrow-width\"><span class=\"image-and-copyright-container\"><img loading=\"lazy\" decoding=\"async\" class=\"js-image-replace\" src=\"http:\/\/ichef.bbci.co.uk\/news\/ws\/304\/amz\/worldservice\/live\/assets\/images\/2015\/11\/05\/151105171816_shopping_304x171_thinkstock_nocredit.jpg\" alt=\"Shopping\" width=\"304\" height=\"171\" \/><span class=\"off-screen\">Image copyright<\/span><span class=\"story-image-copyright\">Thinkstock<\/span><\/span><\/figure>\n<p>Seg\u00fan Tavares, Facebook decide qu\u00e9 anuncios te muestra a partir de tu comportamiento en la red social.<\/p>\n<p>Si no quiero ver m\u00e1s anuncios en Facebook, no hay nada que pueda hacer, dice Tavares.<\/p>\n<p><strong>\u00abEs imposible no ver anuncios en Facebook,<\/strong> de la misma forma en que es imposible tener un 100% de privacidad usando redes sociales. Una cosa es incompatible con la otra. Es vendiendo anuncios como gana dinero la plataforma\u00bb.<\/p>\n<p>Pero, \u00bfsignifica esto que la empresa est\u00e1 enviando esas informaciones sobre ti a otras empresas? Facebook dice que no y, seg\u00fan Tavares, no es posible demostrar lo contrario.<\/p>\n<h2 class=\"story-body__crosshead\">5- Todas tus b\u00fasquedas<\/h2>\n<p>No todos los datos que Facebook almacena sobre ti est\u00e1n en ese archivo disponible para descargar.<\/p>\n<p>Todas tus interacciones, comentarios, \u00abme gusta\u00bb y b\u00fasquedas en la red social desde el momento en que entraste, est\u00e1n almacenados en el \u00abRegistro de Actividades\u00bb.<\/p>\n<figure class=\"media-landscape no-caption full-width\"><span class=\"image-and-copyright-container\"><img loading=\"lazy\" decoding=\"async\" class=\"js-image-replace\" src=\"http:\/\/ichef.bbci.co.uk\/news\/ws\/624\/amz\/worldservice\/live\/assets\/images\/2015\/11\/05\/151105171157_faceboook_four_624x351_thinkstock_nocredit.jpg\" alt=\"Face four\" width=\"624\" height=\"351\" \/><span class=\"off-screen\">Image copyright<\/span><span class=\"story-image-copyright\">Thinkstock<\/span><\/span><\/figure>\n<p>Para llegar ah\u00ed, haz clic en la flecha hacia abajo en la esquina superior derecha de la p\u00e1gina, al lado del candado.<\/p>\n<p>Uno de los detalles sorprendentes que encontr\u00e9 en esa secci\u00f3n, en el \u00edtem \u00abFotos\u00bb, son todos los videos que vi dentro de Facebook, aunque no haya hecho \u00abme gusta\u00bb en los posts en los que estaban ni escrito comentarios. Basta darle al \u00abplay\u00bb y el sitio registra que lo vi.<\/p>\n<p>De igual manera, est\u00e1n registradas todo lo que tecle\u00e9 en la secci\u00f3n de b\u00fasquedas desde que cre\u00e9 mi cuenta en 2007: nombres de personas, eventos y otras palabras clave.<\/p>\n<p>El registro de actividades es la mejor manera de saber, en tiempo real, la informaci\u00f3n que le est\u00e1s dando al sitio. Si compartes canciones que est\u00e1s oyendo, libros que est\u00e1s leyendo, si decides ver posts de un amigo en tu muro o confirmar la presencia a un evento. Todo estar\u00e1 ah\u00ed.<\/p>\n","protected":false},"excerpt":{"rendered":"<p>\u00bfTe has parado a pensar en todo lo que Facebook sabe sobre sobre ti? \u00bfY sobre las conexiones que hace la red social para obtener todav\u00eda m\u00e1s informaci\u00f3n? La red social m\u00e1s popular del mundo acumula datos de casi 1.500 millones de personas. Con esos datos, el gigante creado por Mark Zuckerberg vende anuncios segmentados [&hellip;]<\/p>\n","protected":false},"author":4,"featured_media":32358,"comment_status":"open","ping_status":"open","sticky":false,"template":"","format":"standard","meta":{"footnotes":""},"categories":[84],"tags":[],"class_list":["post-32357","post","type-post","status-publish","format-standard","has-post-thumbnail","hentry","category-otras-noticias"],"_links":{"self":[{"href":"https:\/\/2horizontes.com\/index.php?rest_route=\/wp\/v2\/posts\/32357","targetHints":{"allow":["GET"]}}],"collection":[{"href":"https:\/\/2horizontes.com\/index.php?rest_route=\/wp\/v2\/posts"}],"about":[{"href":"https:\/\/2horizontes.com\/index.php?rest_route=\/wp\/v2\/types\/post"}],"author":[{"embeddable":true,"href":"https:\/\/2horizontes.com\/index.php?rest_route=\/wp\/v2\/users\/4"}],"replies":[{"embeddable":true,"href":"https:\/\/2horizontes.com\/index.php?rest_route=%2Fwp%2Fv2%2Fcomments&post=32357"}],"version-history":[{"count":1,"href":"https:\/\/2horizontes.com\/index.php?rest_route=\/wp\/v2\/posts\/32357\/revisions"}],"predecessor-version":[{"id":32359,"href":"https:\/\/2horizontes.com\/index.php?rest_route=\/wp\/v2\/posts\/32357\/revisions\/32359"}],"wp:featuredmedia":[{"embeddable":true,"href":"https:\/\/2horizontes.com\/index.php?rest_route=\/wp\/v2\/media\/32358"}],"wp:attachment":[{"href":"https:\/\/2horizontes.com\/index.php?rest_route=%2Fwp%2Fv2%2Fmedia&parent=32357"}],"wp:term":[{"taxonomy":"category","embeddable":true,"href":"https:\/\/2horizontes.com\/index.php?rest_route=%2Fwp%2Fv2%2Fcategories&post=32357"},{"taxonomy":"post_tag","embeddable":true,"href":"https:\/\/2horizontes.com\/index.php?rest_route=%2Fwp%2Fv2%2Ftags&post=32357"}],"curies":[{"name":"wp","href":"https:\/\/api.w.org\/{rel}","templated":true}]}}