{"id":32337,"date":"2015-11-12T20:37:17","date_gmt":"2015-11-12T19:37:17","guid":{"rendered":"http:\/\/2horizontes.com\/?p=32337"},"modified":"2015-11-12T20:37:17","modified_gmt":"2015-11-12T19:37:17","slug":"el-cardenal-estima-que-el-gobierno-debe-hablar-problemas-del-pueblo","status":"publish","type":"post","link":"https:\/\/2horizontes.com\/?p=32337","title":{"rendered":"El Cardenal estima que el Gobierno debe hablar problemas del pueblo"},"content":{"rendered":"<p>Santo Domingo, 12 nov (EFE).- El arzobispo de Santo Domingo, cardenal Monse\u00f1or Nicol\u00e1s de Jes\u00fas L\u00f3pez Rodr\u00edguez, dijo hoy que el Gobierno debe hablar y referirse en sus alocuciones a los problemas del pueblo.<\/p>\n<p>En este sentido, se mostr\u00f3 partidario de que el Ejecutivo mejore su situaci\u00f3n de comunicaci\u00f3n con el pueblo.<\/p>\n<p>En declaraciones a los medios con motivo de un acto de Inposdom, el cardenal record\u00f3 que el presidente, Danilo Medina, es la m\u00e1xima autoridad del pa\u00eds y sus orientaciones siempre son necesarias.<\/p>\n<p>\u201cDebe hablar siempre\u201d, dijo el religioso, quien se mostr\u00f3 convencido de que de esta forma la poblaci\u00f3n estar\u00e1 m\u00e1s tranquila.<\/p>\n<p>Tambi\u00e9n se refiri\u00f3 al dengue y pidi\u00f3 al ministerio de Salud que responda ante la adversidad y m\u00e1s medidas.<\/p>\n<p>Por \u00faltimo, critic\u00f3 las decisiones de jueces que dejan en libertad a personas que han cometido hechos criminales comprobados. EFE<\/p>\n","protected":false},"excerpt":{"rendered":"<p>Santo Domingo, 12 nov (EFE).- El arzobispo de Santo Domingo, cardenal Monse\u00f1or Nicol\u00e1s de Jes\u00fas L\u00f3pez Rodr\u00edguez, dijo hoy que el Gobierno debe hablar y referirse en sus alocuciones a los problemas del pueblo. En este sentido, se mostr\u00f3 partidario de que el Ejecutivo mejore su situaci\u00f3n de comunicaci\u00f3n con el pueblo. En declaraciones a [&hellip;]<\/p>\n","protected":false},"author":4,"featured_media":32338,"comment_status":"open","ping_status":"open","sticky":false,"template":"","format":"standard","meta":{"footnotes":""},"categories":[43,44],"tags":[],"class_list":["post-32337","post","type-post","status-publish","format-standard","has-post-thumbnail","hentry","category-politica","category-republica-dominicana"],"_links":{"self":[{"href":"https:\/\/2horizontes.com\/index.php?rest_route=\/wp\/v2\/posts\/32337","targetHints":{"allow":["GET"]}}],"collection":[{"href":"https:\/\/2horizontes.com\/index.php?rest_route=\/wp\/v2\/posts"}],"about":[{"href":"https:\/\/2horizontes.com\/index.php?rest_route=\/wp\/v2\/types\/post"}],"author":[{"embeddable":true,"href":"https:\/\/2horizontes.com\/index.php?rest_route=\/wp\/v2\/users\/4"}],"replies":[{"embeddable":true,"href":"https:\/\/2horizontes.com\/index.php?rest_route=%2Fwp%2Fv2%2Fcomments&post=32337"}],"version-history":[{"count":1,"href":"https:\/\/2horizontes.com\/index.php?rest_route=\/wp\/v2\/posts\/32337\/revisions"}],"predecessor-version":[{"id":32339,"href":"https:\/\/2horizontes.com\/index.php?rest_route=\/wp\/v2\/posts\/32337\/revisions\/32339"}],"wp:featuredmedia":[{"embeddable":true,"href":"https:\/\/2horizontes.com\/index.php?rest_route=\/wp\/v2\/media\/32338"}],"wp:attachment":[{"href":"https:\/\/2horizontes.com\/index.php?rest_route=%2Fwp%2Fv2%2Fmedia&parent=32337"}],"wp:term":[{"taxonomy":"category","embeddable":true,"href":"https:\/\/2horizontes.com\/index.php?rest_route=%2Fwp%2Fv2%2Fcategories&post=32337"},{"taxonomy":"post_tag","embeddable":true,"href":"https:\/\/2horizontes.com\/index.php?rest_route=%2Fwp%2Fv2%2Ftags&post=32337"}],"curies":[{"name":"wp","href":"https:\/\/api.w.org\/{rel}","templated":true}]}}