{"id":32298,"date":"2015-11-12T16:06:30","date_gmt":"2015-11-12T15:06:30","guid":{"rendered":"http:\/\/2horizontes.com\/?p=32298"},"modified":"2015-11-12T16:06:30","modified_gmt":"2015-11-12T15:06:30","slug":"amet-propone-sanciones-fuertes-para-culpables-de-accidentes-rd","status":"publish","type":"post","link":"https:\/\/2horizontes.com\/?p=32298","title":{"rendered":"Amet propone sanciones fuertes para culpables de accidentes RD"},"content":{"rendered":"<p>RD- SANTO DOMINGO-El director de la Autoridad Metropolitana del Transporte (Amet) consider\u00f3 ayer que la Ley 241, de Tr\u00e1nsito Terrestre, presenta serias debilidades en el sistema de sanciones, por lo que cree conveniente la reforma de dicha legislaci\u00f3n.Definitivamente hay que modificar la ley. Las leyes est\u00e1n muy d\u00e9biles en cuanto a la sanci\u00f3n e implementaci\u00f3n de nuevos programas, creo que es indispensable que la ley se reforme\u201d, precis\u00f3 el general Frener Bello Arias.<\/p>\n<p>En otro orden, Bello Arias anunci\u00f3 que los accidentes de tr\u00e1nsito en la Rep\u00fablica Dominicana se han reducido en un 18% en los \u00faltimos tres meses, debido a la pol\u00edtica de prevenci\u00f3n adoptada por el organismo de control de tr\u00e1nsito terrestre. Agreg\u00f3 que la Amet ha implementado un rosario de medidas en seguridad vial que resultaron ser efectivas.<\/p>\n<p>\u201cEl pasado fin de semana largo, nosotros como Amet nos hicimos cargo de la seguridad en todas las carreteras y autopistas con la colaboraci\u00f3n de Obras P\u00fablicas, que tambi\u00e9n estuvo dando asistencia vial, y nos sentimos orgullosos de los resultados\u201d resalt\u00f3.<\/p>\n<p>El titular de la Amet ofreci\u00f3 sus consideraciones tras anunciar los pormenores de una serie de actividades a realizar en la celebraci\u00f3n de la \u201cSemana Mundial de la Seguridad Vial\u201d, que se desarrollar\u00e1 en el pa\u00eds del 15 al 22 del presente mes.<br \/>\nDurante esos d\u00edas se llevar\u00e1 a cabo una jornada de concientizaci\u00f3n dedicada a la ciudadan\u00eda, espec\u00edficamente, a choferes y sindicalistas.<\/p>\n<p>El objetivo es fomentar el respeto, para contribuir con la reducci\u00f3n de la mortalidad por accidentes de tr\u00e1nsito. Amet pretende implementar una campa\u00f1a nacional de orientaci\u00f3n que busca impactar m\u00e1s de 500 mil personas.<\/p>\n","protected":false},"excerpt":{"rendered":"<p>RD- SANTO DOMINGO-El director de la Autoridad Metropolitana del Transporte (Amet) consider\u00f3 ayer que la Ley 241, de Tr\u00e1nsito Terrestre, presenta serias debilidades en el sistema de sanciones, por lo que cree conveniente la reforma de dicha legislaci\u00f3n.Definitivamente hay que modificar la ley. Las leyes est\u00e1n muy d\u00e9biles en cuanto a la sanci\u00f3n e implementaci\u00f3n [&hellip;]<\/p>\n","protected":false},"author":8,"featured_media":32299,"comment_status":"open","ping_status":"open","sticky":false,"template":"","format":"standard","meta":{"footnotes":""},"categories":[44],"tags":[],"class_list":["post-32298","post","type-post","status-publish","format-standard","has-post-thumbnail","hentry","category-republica-dominicana"],"_links":{"self":[{"href":"https:\/\/2horizontes.com\/index.php?rest_route=\/wp\/v2\/posts\/32298","targetHints":{"allow":["GET"]}}],"collection":[{"href":"https:\/\/2horizontes.com\/index.php?rest_route=\/wp\/v2\/posts"}],"about":[{"href":"https:\/\/2horizontes.com\/index.php?rest_route=\/wp\/v2\/types\/post"}],"author":[{"embeddable":true,"href":"https:\/\/2horizontes.com\/index.php?rest_route=\/wp\/v2\/users\/8"}],"replies":[{"embeddable":true,"href":"https:\/\/2horizontes.com\/index.php?rest_route=%2Fwp%2Fv2%2Fcomments&post=32298"}],"version-history":[{"count":1,"href":"https:\/\/2horizontes.com\/index.php?rest_route=\/wp\/v2\/posts\/32298\/revisions"}],"predecessor-version":[{"id":32300,"href":"https:\/\/2horizontes.com\/index.php?rest_route=\/wp\/v2\/posts\/32298\/revisions\/32300"}],"wp:featuredmedia":[{"embeddable":true,"href":"https:\/\/2horizontes.com\/index.php?rest_route=\/wp\/v2\/media\/32299"}],"wp:attachment":[{"href":"https:\/\/2horizontes.com\/index.php?rest_route=%2Fwp%2Fv2%2Fmedia&parent=32298"}],"wp:term":[{"taxonomy":"category","embeddable":true,"href":"https:\/\/2horizontes.com\/index.php?rest_route=%2Fwp%2Fv2%2Fcategories&post=32298"},{"taxonomy":"post_tag","embeddable":true,"href":"https:\/\/2horizontes.com\/index.php?rest_route=%2Fwp%2Fv2%2Ftags&post=32298"}],"curies":[{"name":"wp","href":"https:\/\/api.w.org\/{rel}","templated":true}]}}