{"id":32247,"date":"2015-11-12T13:46:14","date_gmt":"2015-11-12T12:46:14","guid":{"rendered":"http:\/\/2horizontes.com\/?p=32247"},"modified":"2015-11-12T13:46:14","modified_gmt":"2015-11-12T12:46:14","slug":"waldo-ariel-suero-gana-presidencia-del-cmd-rd","status":"publish","type":"post","link":"https:\/\/2horizontes.com\/?p=32247","title":{"rendered":"Waldo Ariel Suero gana presidencia del CMD RD"},"content":{"rendered":"<p>RD- SANTO DOMINGO- El doctor Waldo Ariel Suero llevaba anoche la delantera en las elecciones que se desarrollaron en el Colegio M\u00e9dico Dominicano, con un 72% de los votos computados hasta este momento. Los datos, contenidos en el primer bolet\u00edn que emiti\u00f3 anoche la Comisi\u00f3n Electoral, indicaban que Ariel Suero alcanzar\u00eda 3,044 votos, para un 72%, contra Hugo Bautista Martich, quien ten\u00eda 863 votos, para un 20%.<\/p>\n<p>Los dem\u00e1s aspirantes reconocieron el triunfo de Ariel Suero antes de que se emitiera el primer bolet\u00edn, seg\u00fan inform\u00f3 el presidente de la Comisi\u00f3n Electoral, C\u00e9sar Bel\u00e9n.<\/p>\n<p>Ariel Suero, candidato por \u201cLa gran Alianza M\u00e9dica\u201d, que representaba la plancha n\u00famero tres, precis\u00f3 que tiene un gran compromiso moral con los m\u00e9dicos.<\/p>\n<p>Resalt\u00f3 que con la victoria le propin\u00f3 una derrota al gobierno y su representaci\u00f3n. \u201cSi me tocan un m\u00e9dico, estaremos en las calles defendiendo a ese m\u00e9dico\u201d, agreg\u00f3 en medio de la celebraci\u00f3n junto a parte de su equipo.<\/p>\n<p>Los otros que se disputaban la presidencia del gremio eran Clemente Terrero, Aurora Sierra, Hugo Bautista Martich y Francisca Moreta.<\/p>\n<p>Las votaciones para elegir la nueva directiva del CMD se matizaron por retrasos en algunos centros.<\/p>\n<p>El proceso, que estaba pautado para comenzar a las 9:00 de la ma\u00f1ana, inici\u00f3 pasada las 9:30 con las quejas de algunos galenos.<\/p>\n<p>En la mesa ubicada en la cl\u00ednica Ginecolog\u00eda y Obstetricia los materiales llegaron tarde. Adem\u00e1s de la tardanza en el inicio de las votaciones, se report\u00f3 la eliminaci\u00f3n de varias mesas de centros usados en otras elecciones.<\/p>\n<p>La doctora Amarilis Herrera, quien apoya al doctor Waldo Ariel Suero, dijo que en varios centros como Bonito, Cecanot e Integral, entre otros, hubo dificultad con las mesas. Denunci\u00f3 que en la sede, ubicada en el Colegio M\u00e9dico, hab\u00eda seis urnas electorales y solo una estaba funcionando.<\/p>\n<p>El doctor Clemente Terrero inform\u00f3 que el env\u00edo de las urnas a los centros de votaciones fue lento. Indic\u00f3 que sometieron la impugnaci\u00f3n de la urna enviada a B\u00e1varo, por considerar que el listado de 400 m\u00e9dicos remitido por la Comisi\u00f3n Electoral no correspond\u00eda al n\u00famero de votantes en esa demarcaci\u00f3n. \u201cEn B\u00e1varo no hay esos m\u00e9dicos\u201d, precis\u00f3 Terrero.<\/p>\n","protected":false},"excerpt":{"rendered":"<p>RD- SANTO DOMINGO- El doctor Waldo Ariel Suero llevaba anoche la delantera en las elecciones que se desarrollaron en el Colegio M\u00e9dico Dominicano, con un 72% de los votos computados hasta este momento. Los datos, contenidos en el primer bolet\u00edn que emiti\u00f3 anoche la Comisi\u00f3n Electoral, indicaban que Ariel Suero alcanzar\u00eda 3,044 votos, para un [&hellip;]<\/p>\n","protected":false},"author":8,"featured_media":32248,"comment_status":"open","ping_status":"open","sticky":false,"template":"","format":"standard","meta":{"footnotes":""},"categories":[44,45],"tags":[],"class_list":["post-32247","post","type-post","status-publish","format-standard","has-post-thumbnail","hentry","category-republica-dominicana","category-salud"],"_links":{"self":[{"href":"https:\/\/2horizontes.com\/index.php?rest_route=\/wp\/v2\/posts\/32247","targetHints":{"allow":["GET"]}}],"collection":[{"href":"https:\/\/2horizontes.com\/index.php?rest_route=\/wp\/v2\/posts"}],"about":[{"href":"https:\/\/2horizontes.com\/index.php?rest_route=\/wp\/v2\/types\/post"}],"author":[{"embeddable":true,"href":"https:\/\/2horizontes.com\/index.php?rest_route=\/wp\/v2\/users\/8"}],"replies":[{"embeddable":true,"href":"https:\/\/2horizontes.com\/index.php?rest_route=%2Fwp%2Fv2%2Fcomments&post=32247"}],"version-history":[{"count":1,"href":"https:\/\/2horizontes.com\/index.php?rest_route=\/wp\/v2\/posts\/32247\/revisions"}],"predecessor-version":[{"id":32249,"href":"https:\/\/2horizontes.com\/index.php?rest_route=\/wp\/v2\/posts\/32247\/revisions\/32249"}],"wp:featuredmedia":[{"embeddable":true,"href":"https:\/\/2horizontes.com\/index.php?rest_route=\/wp\/v2\/media\/32248"}],"wp:attachment":[{"href":"https:\/\/2horizontes.com\/index.php?rest_route=%2Fwp%2Fv2%2Fmedia&parent=32247"}],"wp:term":[{"taxonomy":"category","embeddable":true,"href":"https:\/\/2horizontes.com\/index.php?rest_route=%2Fwp%2Fv2%2Fcategories&post=32247"},{"taxonomy":"post_tag","embeddable":true,"href":"https:\/\/2horizontes.com\/index.php?rest_route=%2Fwp%2Fv2%2Ftags&post=32247"}],"curies":[{"name":"wp","href":"https:\/\/api.w.org\/{rel}","templated":true}]}}