{"id":32246,"date":"2015-11-12T13:55:20","date_gmt":"2015-11-12T12:55:20","guid":{"rendered":"http:\/\/2horizontes.com\/?p=32246"},"modified":"2015-11-12T13:55:20","modified_gmt":"2015-11-12T12:55:20","slug":"gobiernos-de-honduras-y-rd-intercambian-estrategias-de-comunicacion","status":"publish","type":"post","link":"https:\/\/2horizontes.com\/?p=32246","title":{"rendered":"Gobiernos de Honduras y RD intercambian estrategias de comunicaci\u00f3n"},"content":{"rendered":"<div id=\"ArticleAuthorDiv\" class=\"article-body-author\"><b>EFE<\/b><\/div>\n<div id=\"ArticleSourceDiv\" class=\"article-body-author\"><b>Tegucigalpa<\/b><\/div>\n<div id=\"ArticleBody\">\n<p>Altos funcionarios de Honduras y Rep\u00fablica Dominicana se reunieron ayer en Santo Domingo para intercambiar estrategias de comunicaci\u00f3n y seguimiento de procesos a nivel de Gobierno, inform\u00f3 una fuente oficial en Tegucigalpa.<\/p>\n<p>Las delegaciones de ambos pa\u00edses abordaron temas de seguimiento de procesos, comunicaci\u00f3n estrat\u00e9gica de Gobierno, t\u00e1cticas digitales y vocer\u00edas, ente otros, que fortalezcan la comunicaci\u00f3n de las instituciones gubernamentales, seg\u00fan una declaraci\u00f3n de la oficina de prensa de la Casa Presidencial en Tegucigalpa.<\/p>\n<p>Antes del encuentro bilateral, los funcionarios de ambas naciones se reunieron con el presidente dominicano, Danilo Medina, se\u00f1al\u00f3 el Ejecutivo, sin precisar el contenido de la conversaci\u00f3n.<\/p>\n<p>La delegaci\u00f3n hondure\u00f1a la integran el ministro de la Presidencia, Reinaldo S\u00e1nchez; la ministra asesora de Comunicaciones y Estrategia, Hilda Hern\u00e1ndez, y el secretario de Ciencia y Tecnolog\u00eda, Ram\u00f3n Espinoza.<\/p>\n<p>El intercambio de conocimientos se enmarca en la estrategia del presidente de Honduras, Juan Orlando Hern\u00e1ndez, de implementar \u00ablas pr\u00e1cticas exitosas de los gobiernos amigos\u00bb, apunta la declaraci\u00f3n.<\/p>\n<p>La misi\u00f3n dominicana la integran el ministro de la Presidencia, Gustavo Adolfo Maldonado; el director general de Informaci\u00f3n, Prensa y Publicidad de la Presidencia, Roberto Rodr\u00edguez Marchena, y el soci\u00f3logo y analista pol\u00edtico Ram\u00f3n Tejeda Holgu\u00edn.<\/p>\n<\/div>\n","protected":false},"excerpt":{"rendered":"<p>EFE Tegucigalpa Altos funcionarios de Honduras y Rep\u00fablica Dominicana se reunieron ayer en Santo Domingo para intercambiar estrategias de comunicaci\u00f3n y seguimiento de procesos a nivel de Gobierno, inform\u00f3 una fuente oficial en Tegucigalpa. Las delegaciones de ambos pa\u00edses abordaron temas de seguimiento de procesos, comunicaci\u00f3n estrat\u00e9gica de Gobierno, t\u00e1cticas digitales y vocer\u00edas, ente otros, [&hellip;]<\/p>\n","protected":false},"author":7,"featured_media":32251,"comment_status":"open","ping_status":"open","sticky":false,"template":"","format":"standard","meta":{"footnotes":""},"categories":[40,43],"tags":[],"class_list":["post-32246","post","type-post","status-publish","format-standard","has-post-thumbnail","hentry","category-internacionales","category-politica"],"_links":{"self":[{"href":"https:\/\/2horizontes.com\/index.php?rest_route=\/wp\/v2\/posts\/32246","targetHints":{"allow":["GET"]}}],"collection":[{"href":"https:\/\/2horizontes.com\/index.php?rest_route=\/wp\/v2\/posts"}],"about":[{"href":"https:\/\/2horizontes.com\/index.php?rest_route=\/wp\/v2\/types\/post"}],"author":[{"embeddable":true,"href":"https:\/\/2horizontes.com\/index.php?rest_route=\/wp\/v2\/users\/7"}],"replies":[{"embeddable":true,"href":"https:\/\/2horizontes.com\/index.php?rest_route=%2Fwp%2Fv2%2Fcomments&post=32246"}],"version-history":[{"count":1,"href":"https:\/\/2horizontes.com\/index.php?rest_route=\/wp\/v2\/posts\/32246\/revisions"}],"predecessor-version":[{"id":32255,"href":"https:\/\/2horizontes.com\/index.php?rest_route=\/wp\/v2\/posts\/32246\/revisions\/32255"}],"wp:featuredmedia":[{"embeddable":true,"href":"https:\/\/2horizontes.com\/index.php?rest_route=\/wp\/v2\/media\/32251"}],"wp:attachment":[{"href":"https:\/\/2horizontes.com\/index.php?rest_route=%2Fwp%2Fv2%2Fmedia&parent=32246"}],"wp:term":[{"taxonomy":"category","embeddable":true,"href":"https:\/\/2horizontes.com\/index.php?rest_route=%2Fwp%2Fv2%2Fcategories&post=32246"},{"taxonomy":"post_tag","embeddable":true,"href":"https:\/\/2horizontes.com\/index.php?rest_route=%2Fwp%2Fv2%2Ftags&post=32246"}],"curies":[{"name":"wp","href":"https:\/\/api.w.org\/{rel}","templated":true}]}}