{"id":3224,"date":"2015-01-26T22:37:37","date_gmt":"2015-01-26T22:37:37","guid":{"rendered":"http:\/\/2horizontes.com\/?p=3224"},"modified":"2015-01-26T22:37:37","modified_gmt":"2015-01-26T22:37:37","slug":"diez-muertos-y-19-heridos-al-estrellarse-un-en-albacete","status":"publish","type":"post","link":"https:\/\/2horizontes.com\/?p=3224","title":{"rendered":"Diez muertos y 19 heridos al estrellarse un  en Albacete"},"content":{"rendered":"<p>Los fallecidos son dos personas de nacionalidad griega y otros ocho franceses<\/p>\n<p><a href=\"http:\/\/2horizontes.com\/wp-content\/uploads\/2015\/01\/n.jpg\"><img loading=\"lazy\" decoding=\"async\" src=\"http:\/\/2horizontes.com\/wp-content\/uploads\/2015\/01\/n-300x168.jpg\" alt=\"n\" width=\"300\" height=\"168\" class=\"alignleft size-medium wp-image-3225\" srcset=\"https:\/\/2horizontes.com\/wp-content\/uploads\/2015\/01\/n-300x168.jpg 300w, https:\/\/2horizontes.com\/wp-content\/uploads\/2015\/01\/n-510x286.jpg 510w, https:\/\/2horizontes.com\/wp-content\/uploads\/2015\/01\/n-360x200.jpg 360w, https:\/\/2horizontes.com\/wp-content\/uploads\/2015\/01\/n.jpg 644w\" sizes=\"auto, (max-width: 300px) 100vw, 300px\" \/><\/a><\/p>\n<p>La base a\u00e9rea de Los Llanos (Albacete) ha sido escenario este lunes del peor accidentesufrido en los \u00faltimos a\u00f1os por la OTAN, fuera de zonas de conflicto, tanto por el n\u00famero de v\u00edctimas como de pa\u00edses afectados. En el siniestro murieron 10 militares \u2014ocho franceses y dos griegos\u2014 y resultaron heridos otros 19 \u2014siete de ellos de pron\u00f3stico grave\u2014, seg\u00fan el balance que ofreci\u00f3 el Ministerio de Defensa. El departamento que dirige Pedro Moren\u00e9s no facilit\u00f3 las nacionalidades de los heridos, pero el Estado Mayor italiano confirm\u00f3 que entre estos est\u00e1n nueve de sus militares, dos de ellos en estado grave, mientras que el resto ser\u00edan franceses. Fuentes militares confirmaron que no hay ning\u00fan espa\u00f1ol entre los damnificados.<\/p>\n<p>El presidente del Gobierno, Mariano Rajoy, anunci\u00f3 la noche de este lunes, en una entrevista con Tele 5, que tanto el ministro franc\u00e9s de Defensa, Jean-Yves Le Drian, como su hom\u00f3loga italiana, Roberta Pinotti, viajar\u00e1n este martes a Espa\u00f1a para conocer in situ lo sucedido y atender a sus militares.<\/p>\n<p>Cinco de los heridos fueron trasladados a la unidad de grandes quemados del hospital de La Paz (Madrid) y el resto, al Complejo Universitario de Albacete.<\/p>\n<p>El siniestro se produjo a las 15.18, cuando un caza F-16 griego con dos tripulantes a bordo, que resultaron muertos en el siniestro, perdi\u00f3 fuerza por causas desconocidas durante la maniobra de despegue y fue a estrellarse contra el aparcamiento situado a un lado de la pista donde aguardaban otros aviones de la OTAN \u2014con los dep\u00f3sitos de combustible repletos y algunos con los motores ya arrancados\u2014 listos para iniciar el vuelo, con un buen n\u00famero de pilotos y mec\u00e1nicos alrededor. \u201cEl F-16 cay\u00f3 en el peor lugar posible\u201d, se lamentaron fuentes militares.<\/p>\n<p>El accidente afect\u00f3, al menos, a cinco aviones, del tipo Mirage franc\u00e9s y Alfa Jet italianos, lo que explica que la mayor parte de los muertos y heridos tengan dichas nacionalidades. Los dos Eurofighter espa\u00f1oles que participaban en el ejercicio estaban fuera del aparcamiento contra el que se estrell\u00f3 el F-16.<\/p>\n<p>El incendio provocado por el combustible y el riesgo de explosi\u00f3n \u2014aunque los aviones no estaban armados, s\u00ed disponen de explosivos, por ejemplo, para eyectar los asientos\u2014 dificult\u00f3 la tarea de los bomberos, que acordonaron la zona. Adem\u00e1s, el F-16 lleva un tipo de combustible altamente t\u00f3xico, denominado hidracina, lo que oblig\u00f3 a tomar precauciones adicionales. Una densa columna de humo era visible desde el exterior de la base, as\u00ed como el trasiego continuo de ambulancias.<\/p>\n<p>Los militares implicados en el accidente participaban en el curso de vuelo del Programa de Liderazgo T\u00e1ctico (TLP), con base en Los Llanos (Albacete). El TLP es un centro internacional de formaci\u00f3n y perfeccionamiento para pilotos y tripulaciones de la OTAN. Adem\u00e1s de cursos pr\u00e1cticos de vuelo (tanto diurnos como nocturnos), imparte cursos te\u00f3ricos y colabora en la elaboraci\u00f3n de la doctrina a\u00e9rea aliada, aunque no pertenece a la estructura militar integrada. Del TLP forman parte diez pa\u00edses aliados (Alemania, B\u00e9lgica, Dinamarca, Francia, Espa\u00f1a, Estados Unidos, Grecia, Holanda, Italia y Reino Unido), aunque tambi\u00e9n se invita a otros pa\u00edses de dentro y fuera de la OTAN.<\/p>\n<p>El TLP se instal\u00f3 en Albacete en 2006, traslad\u00e1ndose desde su anterior ubicaci\u00f3n en B\u00e9lgica, y en su puesta en marcha y funcionamiento se han invertido m\u00e1s de 35 millones de euros en los \u00faltimos a\u00f1os. Hasta ahora, no hab\u00eda sufrido ning\u00fan siniestro.<\/p>\n<p>El curso en el que participaba el F-16 griego se inici\u00f3 el pasado 19 de enero y estaba previsto que acabara el 13 de febrero. En el mismo tomaban parte 750 militares de nueve pa\u00edses, entre pilotos y personal de apoyo.<\/p>\n<p>El jefe del Estado Mayor del Aire, el general Francisco Javier Arn\u00e1iz, se traslad\u00f3 a la base acompa\u00f1ado por un grupo de expertos de la Comisi\u00f3n de Investigaci\u00f3n T\u00e9cnica de Accidentes de Aeronaves Militares (CITAAM). Poco despu\u00e9s lo hizo el ministro de Defensa, Pedro Moren\u00e9s \u2014quien ten\u00eda previsto iniciar ma\u00f1ana un viaje a India y Turqu\u00eda\u2014 , con el objetivo de \u201cseguir la evoluci\u00f3n de los acontecimientos y conocer los detalles del accidente a\u00e9reo, as\u00ed como acompa\u00f1ar a los mandos de la base y a los compa\u00f1eros de las v\u00edctimas\u201d, seg\u00fan inform\u00f3 su departamento. Tambi\u00e9n acudi\u00f3 a Los Llanos la presidenta de Castilla-La Mancha, Mar\u00eda Dolores de Cospedal.<\/p>\n<p>El secretario general de la OTAN, Jens Stoltenberg, difundi\u00f3 un comunicado en el que se mostraba \u201cprofundamente afectado\u201d y trasladaba sus condolencias a las v\u00edctimas y sus familias, as\u00ed como a los pa\u00edses de origen de los miliatares, y calificaba lo sucedido de \u201ctragedia que afecta a toda la familia de la OTAN\u201d.<\/p>\n<p>Tambi\u00e9n Mariano Rajoy mostr\u00f3 su \u201cpesar\u201d por las v\u00edctimas mortales y su deseo de \u201crecuperaci\u00f3n de los heridos\u201d, a trav\u00e9s de su cuenta de Twitter. Por su parte, el secretario general del PSOE, Pedro S\u00e1nchez, expres\u00f3 sus condolencias a las familias de las v\u00edctimas y llam\u00f3 a Moren\u00e9s para pedirle informaci\u00f3n sobre este \u201ctriste accidente\u201d.<\/p>\n","protected":false},"excerpt":{"rendered":"<p>Los fallecidos son dos personas de nacionalidad griega y otros ocho franceses La base a\u00e9rea de Los Llanos (Albacete) ha sido escenario este lunes del peor accidentesufrido en los \u00faltimos a\u00f1os por la OTAN, fuera de zonas de conflicto, tanto por el n\u00famero de v\u00edctimas como de pa\u00edses afectados. En el siniestro murieron 10 militares [&hellip;]<\/p>\n","protected":false},"author":1,"featured_media":0,"comment_status":"open","ping_status":"open","sticky":false,"template":"","format":"standard","meta":{"footnotes":""},"categories":[1],"tags":[],"class_list":["post-3224","post","type-post","status-publish","format-standard","hentry","category-entretenimiento"],"_links":{"self":[{"href":"https:\/\/2horizontes.com\/index.php?rest_route=\/wp\/v2\/posts\/3224","targetHints":{"allow":["GET"]}}],"collection":[{"href":"https:\/\/2horizontes.com\/index.php?rest_route=\/wp\/v2\/posts"}],"about":[{"href":"https:\/\/2horizontes.com\/index.php?rest_route=\/wp\/v2\/types\/post"}],"author":[{"embeddable":true,"href":"https:\/\/2horizontes.com\/index.php?rest_route=\/wp\/v2\/users\/1"}],"replies":[{"embeddable":true,"href":"https:\/\/2horizontes.com\/index.php?rest_route=%2Fwp%2Fv2%2Fcomments&post=3224"}],"version-history":[{"count":1,"href":"https:\/\/2horizontes.com\/index.php?rest_route=\/wp\/v2\/posts\/3224\/revisions"}],"predecessor-version":[{"id":3226,"href":"https:\/\/2horizontes.com\/index.php?rest_route=\/wp\/v2\/posts\/3224\/revisions\/3226"}],"wp:attachment":[{"href":"https:\/\/2horizontes.com\/index.php?rest_route=%2Fwp%2Fv2%2Fmedia&parent=3224"}],"wp:term":[{"taxonomy":"category","embeddable":true,"href":"https:\/\/2horizontes.com\/index.php?rest_route=%2Fwp%2Fv2%2Fcategories&post=3224"},{"taxonomy":"post_tag","embeddable":true,"href":"https:\/\/2horizontes.com\/index.php?rest_route=%2Fwp%2Fv2%2Ftags&post=3224"}],"curies":[{"name":"wp","href":"https:\/\/api.w.org\/{rel}","templated":true}]}}