{"id":32203,"date":"2015-11-12T11:45:20","date_gmt":"2015-11-12T10:45:20","guid":{"rendered":"http:\/\/2horizontes.com\/?p=32203"},"modified":"2015-11-12T11:45:20","modified_gmt":"2015-11-12T10:45:20","slug":"los-padres-de-asunta-condenados-a-18-anos-de-prision-por-el-crimen","status":"publish","type":"post","link":"https:\/\/2horizontes.com\/?p=32203","title":{"rendered":"Los padres de Asunta, condenados a 18 a\u00f1os de prisi\u00f3n por el crimen"},"content":{"rendered":"<p>Rosario Porto y Alfonso Basterra han sido condenados a 18 a\u00f1os de prisi\u00f3n por la muerte de su hija Asunta, de 12 a\u00f1os, hace dos a\u00f1os.<\/p>\n<p>La secci\u00f3n sexta de la Audiencia Provincial de A Coru\u00f1a, con sede en Santiago, les atribuye un delito de asesinato con la concurrencia de la agravante de parentesco.<\/p>\n<p>La sentencia no se conocer\u00e1 hasta dentro de unas horas porque el Tribunal Superior de Justicia de Galicia quiere dar \u00abmargen\u00bb a las partes.<\/p>\n<p>El jurado popular del caso Asunta declar\u00f3 el 30 de octubre, por unanimidad, a los padres culpables de la muerte de la ni\u00f1a.<\/p>\n<p>Los nueve miembros del tribunal, en la quinta jornada de deliberaci\u00f3n y tras haber respondido a las 21 cuestiones que les plante\u00f3 el magistrado presidente, determinaron que Rosario Porto y Alfonso Basterra idearon y ejecutaron el homicidio de la menor conjuntamente y cuando la ni\u00f1a no ten\u00eda posibilidad de defenderse.<\/p>\n<p>Adem\u00e1s, el jurado se\u00f1al\u00f3 que no era favorable \u00abni al indulto, ni a la reducci\u00f3n de la pena\u00bb.<\/p>\n<p>Asunta Basterra Porto, de 12 a\u00f1os, apareci\u00f3 muerta cerca de Santiago en la madrugada del 22 de septiembre de 2013. Los dos \u00fanicos acusados fueron sus padres adoptivos.<\/p>\n<p>El juez instructor, Jos\u00e9 Antonio V\u00e1zquez Ta\u00edn, los relacion\u00f3 desde el principio con los indicios que revel\u00f3 la autopsia del cuerpo de la menor: hab\u00eda muerto por asfixia mec\u00e1nica con alg\u00fan objeto blando despu\u00e9s de haberle sido suministrada una fuerte dosis de lorazepam para anular su voluntad y su capacidad de lucha.<\/p>\n","protected":false},"excerpt":{"rendered":"<p>Rosario Porto y Alfonso Basterra han sido condenados a 18 a\u00f1os de prisi\u00f3n por la muerte de su hija Asunta, de 12 a\u00f1os, hace dos a\u00f1os. La secci\u00f3n sexta de la Audiencia Provincial de A Coru\u00f1a, con sede en Santiago, les atribuye un delito de asesinato con la concurrencia de la agravante de parentesco. La [&hellip;]<\/p>\n","protected":false},"author":3,"featured_media":32204,"comment_status":"open","ping_status":"open","sticky":false,"template":"","format":"standard","meta":{"footnotes":""},"categories":[85],"tags":[],"class_list":["post-32203","post","type-post","status-publish","format-standard","has-post-thumbnail","hentry","category-espana"],"_links":{"self":[{"href":"https:\/\/2horizontes.com\/index.php?rest_route=\/wp\/v2\/posts\/32203","targetHints":{"allow":["GET"]}}],"collection":[{"href":"https:\/\/2horizontes.com\/index.php?rest_route=\/wp\/v2\/posts"}],"about":[{"href":"https:\/\/2horizontes.com\/index.php?rest_route=\/wp\/v2\/types\/post"}],"author":[{"embeddable":true,"href":"https:\/\/2horizontes.com\/index.php?rest_route=\/wp\/v2\/users\/3"}],"replies":[{"embeddable":true,"href":"https:\/\/2horizontes.com\/index.php?rest_route=%2Fwp%2Fv2%2Fcomments&post=32203"}],"version-history":[{"count":1,"href":"https:\/\/2horizontes.com\/index.php?rest_route=\/wp\/v2\/posts\/32203\/revisions"}],"predecessor-version":[{"id":32205,"href":"https:\/\/2horizontes.com\/index.php?rest_route=\/wp\/v2\/posts\/32203\/revisions\/32205"}],"wp:featuredmedia":[{"embeddable":true,"href":"https:\/\/2horizontes.com\/index.php?rest_route=\/wp\/v2\/media\/32204"}],"wp:attachment":[{"href":"https:\/\/2horizontes.com\/index.php?rest_route=%2Fwp%2Fv2%2Fmedia&parent=32203"}],"wp:term":[{"taxonomy":"category","embeddable":true,"href":"https:\/\/2horizontes.com\/index.php?rest_route=%2Fwp%2Fv2%2Fcategories&post=32203"},{"taxonomy":"post_tag","embeddable":true,"href":"https:\/\/2horizontes.com\/index.php?rest_route=%2Fwp%2Fv2%2Ftags&post=32203"}],"curies":[{"name":"wp","href":"https:\/\/api.w.org\/{rel}","templated":true}]}}