{"id":32164,"date":"2015-11-11T17:50:13","date_gmt":"2015-11-11T16:50:13","guid":{"rendered":"http:\/\/2horizontes.com\/?p=32164"},"modified":"2015-11-11T17:50:13","modified_gmt":"2015-11-11T16:50:13","slug":"apresan-hombre-que-dejaba-amarrado-y-encerrado-a-hijo-menor-en-santiago-rd","status":"publish","type":"post","link":"https:\/\/2horizontes.com\/?p=32164","title":{"rendered":"Apresan hombre que dejaba amarrado y encerrado a hijo menor en Santiago RD"},"content":{"rendered":"<article class=\"contenidoArticulo\">\n<div class=\"cuerpoNoticia\">\n<p><strong>RD- SANTIAGO- <\/strong>La Polic\u00eda inform\u00f3 este mi\u00e9rcoles que apres\u00f3 a un hombre acusado de amarrar a un hijo suyo menor de edad, al cual dejaba solo junto a otra menor, en su residencia del barrio Cristo Rey, de Pek\u00edn.<\/p>\n<p>El imputado fue identificado como Carlos Jos\u00e9 Abreu Cabrera, de 37 a\u00f1os, y ser\u00e1 sometido por ante la Unidad de Atenci\u00f3n a la Violencia de G\u00e9nero, Sexual e Intrafamiliar de la Fiscal\u00eda, de este Distrito Judicial.<\/p>\n<p>Las autoridades del Ministerio P\u00fablico y de la Polic\u00eda Nacional se presentaron a la vivienda de Abreu Cabrera, donde rescataron a los menores, entre ellos, un ni\u00f1o con tratamiento especial.<\/p>\n<p>El apresamiento del padre y el rescate de los menores fue posible ante denuncias hechas por vecinos del lugar que se percataron de la situaci\u00f3n.<\/p>\n<\/div>\n<\/article>\n<p>&nbsp;<\/p>\n","protected":false},"excerpt":{"rendered":"<p>RD- SANTIAGO- La Polic\u00eda inform\u00f3 este mi\u00e9rcoles que apres\u00f3 a un hombre acusado de amarrar a un hijo suyo menor de edad, al cual dejaba solo junto a otra menor, en su residencia del barrio Cristo Rey, de Pek\u00edn. El imputado fue identificado como Carlos Jos\u00e9 Abreu Cabrera, de 37 a\u00f1os, y ser\u00e1 sometido por [&hellip;]<\/p>\n","protected":false},"author":8,"featured_media":10784,"comment_status":"open","ping_status":"open","sticky":false,"template":"","format":"standard","meta":{"footnotes":""},"categories":[53,44],"tags":[],"class_list":["post-32164","post","type-post","status-publish","format-standard","has-post-thumbnail","hentry","category-provincias","category-republica-dominicana"],"_links":{"self":[{"href":"https:\/\/2horizontes.com\/index.php?rest_route=\/wp\/v2\/posts\/32164","targetHints":{"allow":["GET"]}}],"collection":[{"href":"https:\/\/2horizontes.com\/index.php?rest_route=\/wp\/v2\/posts"}],"about":[{"href":"https:\/\/2horizontes.com\/index.php?rest_route=\/wp\/v2\/types\/post"}],"author":[{"embeddable":true,"href":"https:\/\/2horizontes.com\/index.php?rest_route=\/wp\/v2\/users\/8"}],"replies":[{"embeddable":true,"href":"https:\/\/2horizontes.com\/index.php?rest_route=%2Fwp%2Fv2%2Fcomments&post=32164"}],"version-history":[{"count":1,"href":"https:\/\/2horizontes.com\/index.php?rest_route=\/wp\/v2\/posts\/32164\/revisions"}],"predecessor-version":[{"id":32165,"href":"https:\/\/2horizontes.com\/index.php?rest_route=\/wp\/v2\/posts\/32164\/revisions\/32165"}],"wp:featuredmedia":[{"embeddable":true,"href":"https:\/\/2horizontes.com\/index.php?rest_route=\/wp\/v2\/media\/10784"}],"wp:attachment":[{"href":"https:\/\/2horizontes.com\/index.php?rest_route=%2Fwp%2Fv2%2Fmedia&parent=32164"}],"wp:term":[{"taxonomy":"category","embeddable":true,"href":"https:\/\/2horizontes.com\/index.php?rest_route=%2Fwp%2Fv2%2Fcategories&post=32164"},{"taxonomy":"post_tag","embeddable":true,"href":"https:\/\/2horizontes.com\/index.php?rest_route=%2Fwp%2Fv2%2Ftags&post=32164"}],"curies":[{"name":"wp","href":"https:\/\/api.w.org\/{rel}","templated":true}]}}