{"id":32157,"date":"2015-11-11T17:31:11","date_gmt":"2015-11-11T16:31:11","guid":{"rendered":"http:\/\/2horizontes.com\/?p=32157"},"modified":"2015-11-11T17:31:11","modified_gmt":"2015-11-11T16:31:11","slug":"identifican-joven-hallado-muerto-de-varios-disparos-en-solar-de-santiago-rd","status":"publish","type":"post","link":"https:\/\/2horizontes.com\/?p=32157","title":{"rendered":"Identifican joven hallado muerto de varios disparos en solar de Santiago RD"},"content":{"rendered":"<p><strong>RD-SANTIAGO.-<\/strong>\u00a0Fue identificado como Rainiel Adony Mu\u00f1oz Batista (Braiky), de 21 a\u00f1os, la persona que <a href=\"http:\/\/www.elcaribe.com.do\/2015\/11\/10\/matan-tiros-joven-24-anos-santiago\"><strong>apareci\u00f3 muerto <\/strong><\/a>ayer con varios disparos, en un solar de la comunidad Cuesta de Quinigua de \u00a0Los Cocos Jacagua, de esta ciudad.<\/p>\n<p>&nbsp;<\/p>\n<p>La identificaci\u00f3n del occiso fue hecha en la morgue del Hospital Universitario Jos\u00e9 Mar\u00eda Cabral Y B\u00e1ez por Dariza Hilario, de 20 a\u00f1os, residente en el Ingenio de Cienfuegos, quien dijo ser su esposa.<\/p>\n<p>La mujer declar\u00f3 a la Polic\u00eda que personas no identificadas a bordo de un veh\u00edculo blanco y cristales ahumados, interceptaron, montaron y se llevaron a su marido, el cual fue encontrado posteriormente muerto.<\/p>\n<p>Anoche, la Polic\u00eda fue informada por su central de radio que en la avenida de Los Checos, sector La Otra Banda, hab\u00eda un veh\u00edculo abandonado, el cual result\u00f3 ser el carro Honda Accord,\u00a0 blanco, placa A251463, chasis No.1HGAD7431EA044419, propiedad del occiso, seg\u00fan declararon Jes\u00fas Mar\u00eda P\u00e9rez B\u00e1ez y Ezequiel Hilario.<\/p>\n<p>Con relaci\u00f3n al hecho, la Polic\u00eda persigue a un hombre identificado como El Gordo, residente en Cienfuegos, quien seg\u00fan versiones, hab\u00eda salido el d\u00eda anterior en compa\u00f1\u00eda del fallecido.<\/p>\n<p>No obstante, el caso sigue bajo investigaci\u00f3n policial para establecer responsabilidades.<\/p>\n<p>&nbsp;<\/p>\n","protected":false},"excerpt":{"rendered":"<p>RD-SANTIAGO.-\u00a0Fue identificado como Rainiel Adony Mu\u00f1oz Batista (Braiky), de 21 a\u00f1os, la persona que apareci\u00f3 muerto ayer con varios disparos, en un solar de la comunidad Cuesta de Quinigua de \u00a0Los Cocos Jacagua, de esta ciudad. &nbsp; La identificaci\u00f3n del occiso fue hecha en la morgue del Hospital Universitario Jos\u00e9 Mar\u00eda Cabral Y B\u00e1ez por [&hellip;]<\/p>\n","protected":false},"author":8,"featured_media":32158,"comment_status":"open","ping_status":"open","sticky":false,"template":"","format":"standard","meta":{"footnotes":""},"categories":[53,44],"tags":[],"class_list":["post-32157","post","type-post","status-publish","format-standard","has-post-thumbnail","hentry","category-provincias","category-republica-dominicana"],"_links":{"self":[{"href":"https:\/\/2horizontes.com\/index.php?rest_route=\/wp\/v2\/posts\/32157","targetHints":{"allow":["GET"]}}],"collection":[{"href":"https:\/\/2horizontes.com\/index.php?rest_route=\/wp\/v2\/posts"}],"about":[{"href":"https:\/\/2horizontes.com\/index.php?rest_route=\/wp\/v2\/types\/post"}],"author":[{"embeddable":true,"href":"https:\/\/2horizontes.com\/index.php?rest_route=\/wp\/v2\/users\/8"}],"replies":[{"embeddable":true,"href":"https:\/\/2horizontes.com\/index.php?rest_route=%2Fwp%2Fv2%2Fcomments&post=32157"}],"version-history":[{"count":1,"href":"https:\/\/2horizontes.com\/index.php?rest_route=\/wp\/v2\/posts\/32157\/revisions"}],"predecessor-version":[{"id":32159,"href":"https:\/\/2horizontes.com\/index.php?rest_route=\/wp\/v2\/posts\/32157\/revisions\/32159"}],"wp:featuredmedia":[{"embeddable":true,"href":"https:\/\/2horizontes.com\/index.php?rest_route=\/wp\/v2\/media\/32158"}],"wp:attachment":[{"href":"https:\/\/2horizontes.com\/index.php?rest_route=%2Fwp%2Fv2%2Fmedia&parent=32157"}],"wp:term":[{"taxonomy":"category","embeddable":true,"href":"https:\/\/2horizontes.com\/index.php?rest_route=%2Fwp%2Fv2%2Fcategories&post=32157"},{"taxonomy":"post_tag","embeddable":true,"href":"https:\/\/2horizontes.com\/index.php?rest_route=%2Fwp%2Fv2%2Ftags&post=32157"}],"curies":[{"name":"wp","href":"https:\/\/api.w.org\/{rel}","templated":true}]}}