{"id":32124,"date":"2015-11-11T15:52:28","date_gmt":"2015-11-11T14:52:28","guid":{"rendered":"http:\/\/2horizontes.com\/?p=32124"},"modified":"2015-11-11T16:04:54","modified_gmt":"2015-11-11T15:04:54","slug":"orden-arresto-contra-oficial-pn-por-golpeadura-joven-rd","status":"publish","type":"post","link":"https:\/\/2horizontes.com\/?p=32124","title":{"rendered":"Orden arresto contra oficial PN por golpear joven RD"},"content":{"rendered":"<p>RD-BARAHONA &#8211; El procurador fiscal titular de este distrito judicial, Yv\u00e1n Ariel G\u00f3mez Rubio, dict\u00f3 orden de arresto contra un oficial superior de la Polic\u00eda acusado de torturar a un joven en el municipio de Cabral.<\/p>\n<p>El teniente coronel Ricardo Columna P\u00e9rez es acusado por el estudiante Rainer Alc\u00e1ntara de golpearlo salvajemente en compa\u00f1\u00eda de tres agentes bajo su mando identificados como H\u00e9ctor Ariel P\u00e9rez Matos, Foster y Villa.<\/p>\n<p>Afirm\u00f3 que los agentes lo desnudaran y le cubrieran el rostro con una frazada, lo amarraron de los barrotes de la celda y golpearon, resultando con hematomas en el cr\u00e1neo, gl\u00fateos, piernas y otras partes de su cuerpo.<\/p>\n<p>El teniente coronel Columna P\u00e9rez ser\u00e1 sometido a la acci\u00f3n de la justicia, donde la fiscal\u00eda solicitar\u00e1 medida de coerci\u00f3n en su contra.<\/p>\n","protected":false},"excerpt":{"rendered":"<p>RD-BARAHONA &#8211; El procurador fiscal titular de este distrito judicial, Yv\u00e1n Ariel G\u00f3mez Rubio, dict\u00f3 orden de arresto contra un oficial superior de la Polic\u00eda acusado de torturar a un joven en el municipio de Cabral. El teniente coronel Ricardo Columna P\u00e9rez es acusado por el estudiante Rainer Alc\u00e1ntara de golpearlo salvajemente en compa\u00f1\u00eda de [&hellip;]<\/p>\n","protected":false},"author":8,"featured_media":32125,"comment_status":"open","ping_status":"open","sticky":false,"template":"","format":"standard","meta":{"footnotes":""},"categories":[53,44],"tags":[],"class_list":["post-32124","post","type-post","status-publish","format-standard","has-post-thumbnail","hentry","category-provincias","category-republica-dominicana"],"_links":{"self":[{"href":"https:\/\/2horizontes.com\/index.php?rest_route=\/wp\/v2\/posts\/32124","targetHints":{"allow":["GET"]}}],"collection":[{"href":"https:\/\/2horizontes.com\/index.php?rest_route=\/wp\/v2\/posts"}],"about":[{"href":"https:\/\/2horizontes.com\/index.php?rest_route=\/wp\/v2\/types\/post"}],"author":[{"embeddable":true,"href":"https:\/\/2horizontes.com\/index.php?rest_route=\/wp\/v2\/users\/8"}],"replies":[{"embeddable":true,"href":"https:\/\/2horizontes.com\/index.php?rest_route=%2Fwp%2Fv2%2Fcomments&post=32124"}],"version-history":[{"count":2,"href":"https:\/\/2horizontes.com\/index.php?rest_route=\/wp\/v2\/posts\/32124\/revisions"}],"predecessor-version":[{"id":32134,"href":"https:\/\/2horizontes.com\/index.php?rest_route=\/wp\/v2\/posts\/32124\/revisions\/32134"}],"wp:featuredmedia":[{"embeddable":true,"href":"https:\/\/2horizontes.com\/index.php?rest_route=\/wp\/v2\/media\/32125"}],"wp:attachment":[{"href":"https:\/\/2horizontes.com\/index.php?rest_route=%2Fwp%2Fv2%2Fmedia&parent=32124"}],"wp:term":[{"taxonomy":"category","embeddable":true,"href":"https:\/\/2horizontes.com\/index.php?rest_route=%2Fwp%2Fv2%2Fcategories&post=32124"},{"taxonomy":"post_tag","embeddable":true,"href":"https:\/\/2horizontes.com\/index.php?rest_route=%2Fwp%2Fv2%2Ftags&post=32124"}],"curies":[{"name":"wp","href":"https:\/\/api.w.org\/{rel}","templated":true}]}}