{"id":32055,"date":"2015-11-11T09:57:53","date_gmt":"2015-11-11T08:57:53","guid":{"rendered":"http:\/\/2horizontes.com\/?p=32055"},"modified":"2015-11-11T09:57:53","modified_gmt":"2015-11-11T08:57:53","slug":"fiscalia-colombiana-revisara-el-indulto-a-exguerrilleros","status":"publish","type":"post","link":"https:\/\/2horizontes.com\/?p=32055","title":{"rendered":"Fiscal\u00eda colombiana revisar\u00e1 el indulto a exguerrilleros"},"content":{"rendered":"<p>AFP\u00a0 \/ Bogot\u00e1<\/p>\n<p>&nbsp;<\/p>\n<p>La Fiscal\u00eda de Colombia revisar\u00e1 el indulto otorgado en la d\u00e9cada de los a\u00f1os 90 a exguerrilleros del M-19, que beneficia al alcalde de Bogot\u00e1, Gustavo Petro, o al senador Antonio Navarro, revel\u00f3 el fiscal general, Eduardo Montealegre.<\/p>\n<p>&nbsp;<\/p>\n<p>El ente acusador colombiano examinar\u00e1 \u00ablos alcances de cosa juzgada que tienen los indultos que se promovieron hace cerca de 20 a\u00f1os en favor del M-19 (Movimiento 19 de Abril)\u201d, dijo Montealegre a periodistas.<\/p>\n<p>Los miembros de esa guerrilla nacionalista fueron indultados en el marco de un proceso de paz en el que dejaron las armas en 1990, pero la Fiscal\u00eda revisar\u00e1 \u00absi esas amnist\u00edas abarcan o no delitos de lesa humanidad y cr\u00edmenes de guerra\u201d, dijo.<\/p>\n<p>El anuncio ocurre cuando acaban de cumplirse 30 a\u00f1os de la toma, por parte del M-19, del Palacio de Justicia en Bogot\u00e1 y de su violenta recuperaci\u00f3n por las fuerzas armadas, hechos que dejaron un centenar de muertos -entre ellos 11 magistrados- adem\u00e1s de una decena de desaparecidos.<\/p>\n<p>\u00abTenemos que determinar si esas amnist\u00edas y esos indultos abarcan los hechos del Palacio de Justicia\u201d, insisti\u00f3 Montealegre. Por las desapariciones forzadas y torturas contra personas que salieron vivas del edificio, ubicado a pocos metros del Congreso y la casa presidencial, el Estado fue condenado el a\u00f1o pasado por la Corte Interamericana de Derechos Humanos (CIDH).<\/p>\n<p>Como parte de esa sentencia, el presidente Juan Manuel Santos pidi\u00f3 el viernes perd\u00f3n por los excesos cometidos en 1985, y por la falta de esclarecimiento de lo ocurrido. El tema gener\u00f3 pol\u00e9mica en Colombia porque mientras algunos militares est\u00e1n detenidos por estos hechos y otros est\u00e1n siendo investigados, exmiembros del M-19 gozan de inmunidad.<\/p>\n<p>\u00abSi la Fiscal\u00eda llega a la conclusi\u00f3n de que los indultos y las amnist\u00edas proferidas a favor de la c\u00fapula del M-19 no abarcan delitos de lesa humanidad y cr\u00edmenes de guerra, (\u00e9sta) podr\u00eda iniciar inmediatamente investigaci\u00f3n\u201d contra aquellos l\u00edderes que no murieron en la toma del Palacio de Justicia, agreg\u00f3 el fiscal Montealegre.<\/p>\n","protected":false},"excerpt":{"rendered":"<p>AFP\u00a0 \/ Bogot\u00e1 &nbsp; La Fiscal\u00eda de Colombia revisar\u00e1 el indulto otorgado en la d\u00e9cada de los a\u00f1os 90 a exguerrilleros del M-19, que beneficia al alcalde de Bogot\u00e1, Gustavo Petro, o al senador Antonio Navarro, revel\u00f3 el fiscal general, Eduardo Montealegre. &nbsp; El ente acusador colombiano examinar\u00e1 \u00ablos alcances de cosa juzgada que tienen [&hellip;]<\/p>\n","protected":false},"author":7,"featured_media":32056,"comment_status":"open","ping_status":"open","sticky":false,"template":"","format":"standard","meta":{"footnotes":""},"categories":[50,40],"tags":[],"class_list":["post-32055","post","type-post","status-publish","format-standard","has-post-thumbnail","hentry","category-colombia","category-internacionales"],"_links":{"self":[{"href":"https:\/\/2horizontes.com\/index.php?rest_route=\/wp\/v2\/posts\/32055","targetHints":{"allow":["GET"]}}],"collection":[{"href":"https:\/\/2horizontes.com\/index.php?rest_route=\/wp\/v2\/posts"}],"about":[{"href":"https:\/\/2horizontes.com\/index.php?rest_route=\/wp\/v2\/types\/post"}],"author":[{"embeddable":true,"href":"https:\/\/2horizontes.com\/index.php?rest_route=\/wp\/v2\/users\/7"}],"replies":[{"embeddable":true,"href":"https:\/\/2horizontes.com\/index.php?rest_route=%2Fwp%2Fv2%2Fcomments&post=32055"}],"version-history":[{"count":1,"href":"https:\/\/2horizontes.com\/index.php?rest_route=\/wp\/v2\/posts\/32055\/revisions"}],"predecessor-version":[{"id":32057,"href":"https:\/\/2horizontes.com\/index.php?rest_route=\/wp\/v2\/posts\/32055\/revisions\/32057"}],"wp:featuredmedia":[{"embeddable":true,"href":"https:\/\/2horizontes.com\/index.php?rest_route=\/wp\/v2\/media\/32056"}],"wp:attachment":[{"href":"https:\/\/2horizontes.com\/index.php?rest_route=%2Fwp%2Fv2%2Fmedia&parent=32055"}],"wp:term":[{"taxonomy":"category","embeddable":true,"href":"https:\/\/2horizontes.com\/index.php?rest_route=%2Fwp%2Fv2%2Fcategories&post=32055"},{"taxonomy":"post_tag","embeddable":true,"href":"https:\/\/2horizontes.com\/index.php?rest_route=%2Fwp%2Fv2%2Ftags&post=32055"}],"curies":[{"name":"wp","href":"https:\/\/api.w.org\/{rel}","templated":true}]}}