{"id":32046,"date":"2015-11-11T09:42:41","date_gmt":"2015-11-11T08:42:41","guid":{"rendered":"http:\/\/2horizontes.com\/?p=32046"},"modified":"2015-11-11T09:42:41","modified_gmt":"2015-11-11T08:42:41","slug":"aplauden-eeuu-apelara-por-fallo-antimigratorio","status":"publish","type":"post","link":"https:\/\/2horizontes.com\/?p=32046","title":{"rendered":"Aplauden EEUU apelara por fallo antimigratorio"},"content":{"rendered":"<div id=\"ArticleAuthorDiv\" class=\"article-body-author\"><b>AP<\/b><\/div>\n<div id=\"ArticleSourceDiv\" class=\"article-body-author\"><b>Washington<\/b><\/div>\n<div id=\"ArticleBody\">\n<p>Activistas en favor de la protecci\u00f3n presidencial para cinco millones de inmigrantes no autorizados destacaron ayer como necesaria y justa la decisi\u00f3n del gobierno del presidente Barack Obama de apelar al fallo que aval\u00f3 un mandato judicial que bloque\u00f3 la iniciativa migratoria.<\/p>\n<p>Las reacciones ocurrieron luego que el Departamento de Justicia indicara que est\u00e1 en desacuerdo con el fallo de 2-1 de la corte de apelaciones y que apelar\u00eda ante la Corte Suprema.<\/p>\n<p>\u201cLa decisi\u00f3n (del gobierno de Obama) es correcta, necesaria y justa y esperamos que esta sea la batalla final para lograr que el sue\u00f1o de millones de familias inmigrantes se cumpla\u201d, dijo Jorge Mario Cabrera, portavoz de la Coalici\u00f3n por los Derechos Humanos de los Inmigrantes en Los \u00c1ngeles.<\/p>\n<p>En tanto, algunos congresistas republicanos y grupos a favor de mayores restricciones a los inmigrantes sin documentos halagaron la decisi\u00f3n judicial.<\/p>\n<p>El presidente de la comisi\u00f3n judicial de la c\u00e1mara baja Bob Goodlatte calific\u00f3 el fallo como una \u201cvictoria para la Constituci\u00f3n el pueblo estadounidense\u201d.<\/p>\n<p>\u201cLa decisi\u00f3n del presidente Obama de ignorar los l\u00edmites a su poder y actuar unilateralmente para reescribir las leyes de nuestra naci\u00f3n son una afrenta a la Constituci\u00f3n\u201d, indic\u00f3 el republicano por Virginia.<\/p>\n<\/div>\n","protected":false},"excerpt":{"rendered":"<p>AP Washington Activistas en favor de la protecci\u00f3n presidencial para cinco millones de inmigrantes no autorizados destacaron ayer como necesaria y justa la decisi\u00f3n del gobierno del presidente Barack Obama de apelar al fallo que aval\u00f3 un mandato judicial que bloque\u00f3 la iniciativa migratoria. Las reacciones ocurrieron luego que el Departamento de Justicia indicara que [&hellip;]<\/p>\n","protected":false},"author":7,"featured_media":32047,"comment_status":"open","ping_status":"open","sticky":false,"template":"","format":"standard","meta":{"footnotes":""},"categories":[54,40,43],"tags":[],"class_list":["post-32046","post","type-post","status-publish","format-standard","has-post-thumbnail","hentry","category-emigrantes","category-internacionales","category-politica"],"_links":{"self":[{"href":"https:\/\/2horizontes.com\/index.php?rest_route=\/wp\/v2\/posts\/32046","targetHints":{"allow":["GET"]}}],"collection":[{"href":"https:\/\/2horizontes.com\/index.php?rest_route=\/wp\/v2\/posts"}],"about":[{"href":"https:\/\/2horizontes.com\/index.php?rest_route=\/wp\/v2\/types\/post"}],"author":[{"embeddable":true,"href":"https:\/\/2horizontes.com\/index.php?rest_route=\/wp\/v2\/users\/7"}],"replies":[{"embeddable":true,"href":"https:\/\/2horizontes.com\/index.php?rest_route=%2Fwp%2Fv2%2Fcomments&post=32046"}],"version-history":[{"count":1,"href":"https:\/\/2horizontes.com\/index.php?rest_route=\/wp\/v2\/posts\/32046\/revisions"}],"predecessor-version":[{"id":32048,"href":"https:\/\/2horizontes.com\/index.php?rest_route=\/wp\/v2\/posts\/32046\/revisions\/32048"}],"wp:featuredmedia":[{"embeddable":true,"href":"https:\/\/2horizontes.com\/index.php?rest_route=\/wp\/v2\/media\/32047"}],"wp:attachment":[{"href":"https:\/\/2horizontes.com\/index.php?rest_route=%2Fwp%2Fv2%2Fmedia&parent=32046"}],"wp:term":[{"taxonomy":"category","embeddable":true,"href":"https:\/\/2horizontes.com\/index.php?rest_route=%2Fwp%2Fv2%2Fcategories&post=32046"},{"taxonomy":"post_tag","embeddable":true,"href":"https:\/\/2horizontes.com\/index.php?rest_route=%2Fwp%2Fv2%2Ftags&post=32046"}],"curies":[{"name":"wp","href":"https:\/\/api.w.org\/{rel}","templated":true}]}}