{"id":31933,"date":"2015-11-10T15:33:25","date_gmt":"2015-11-10T14:33:25","guid":{"rendered":"http:\/\/2horizontes.com\/?p=31933"},"modified":"2015-11-10T15:33:25","modified_gmt":"2015-11-10T14:33:25","slug":"comunidad-pide-asignen-bienes-ligados-al-narco-rd","status":"publish","type":"post","link":"https:\/\/2horizontes.com\/?p=31933","title":{"rendered":"Comunidad pide asignen bienes ligados al narco RD"},"content":{"rendered":"<p>RD- SANTO DOMINGO-Bajo la consigna \u201cFundaci\u00f3n merece justicia\u201d, comunitarios de Arroyo Hondo marcharon en reclamo de que una propiedad incautada a un supuesto narcotraficante, que cumple prisi\u00f3n preventiva, sea entregada a la comunidad para levantar un centro comunal.<\/p>\n<p>Advirtieron de la existencia de una persona f\u00edsica o moral interesada en responsabilizarse de la custodia de los bienes del presunto narcotraficante Francisco Urb\u00e1ez Suero (Robel\u00edn). Temen que las autoridades la favorezcan con la asignaci\u00f3n de la propiedad, una vez se emita el dictamen definitivo del juez.<\/p>\n<p>El presidente de la Fundaci\u00f3n Movida, Juan Arvelo, se\u00f1al\u00f3 que como comunidad hicieron la solicitud de manera formal al procurador de la Rep\u00fablica, Francisco Dom\u00ednguez Brito. \u201cTenemos informaci\u00f3n de que \u00e9l (acusado) negoci\u00f3 con las autoridades, dentro de lo que le permite la ley, para entregar parte de esos bienes. Parece que hay intenci\u00f3n de entreg\u00e1rselos a uno de los suyos\u201d ( parientes de Robel\u00edn).<\/p>\n","protected":false},"excerpt":{"rendered":"<p>RD- SANTO DOMINGO-Bajo la consigna \u201cFundaci\u00f3n merece justicia\u201d, comunitarios de Arroyo Hondo marcharon en reclamo de que una propiedad incautada a un supuesto narcotraficante, que cumple prisi\u00f3n preventiva, sea entregada a la comunidad para levantar un centro comunal. Advirtieron de la existencia de una persona f\u00edsica o moral interesada en responsabilizarse de la custodia de [&hellip;]<\/p>\n","protected":false},"author":8,"featured_media":31935,"comment_status":"open","ping_status":"open","sticky":false,"template":"","format":"standard","meta":{"footnotes":""},"categories":[44],"tags":[],"class_list":["post-31933","post","type-post","status-publish","format-standard","has-post-thumbnail","hentry","category-republica-dominicana"],"_links":{"self":[{"href":"https:\/\/2horizontes.com\/index.php?rest_route=\/wp\/v2\/posts\/31933","targetHints":{"allow":["GET"]}}],"collection":[{"href":"https:\/\/2horizontes.com\/index.php?rest_route=\/wp\/v2\/posts"}],"about":[{"href":"https:\/\/2horizontes.com\/index.php?rest_route=\/wp\/v2\/types\/post"}],"author":[{"embeddable":true,"href":"https:\/\/2horizontes.com\/index.php?rest_route=\/wp\/v2\/users\/8"}],"replies":[{"embeddable":true,"href":"https:\/\/2horizontes.com\/index.php?rest_route=%2Fwp%2Fv2%2Fcomments&post=31933"}],"version-history":[{"count":1,"href":"https:\/\/2horizontes.com\/index.php?rest_route=\/wp\/v2\/posts\/31933\/revisions"}],"predecessor-version":[{"id":31936,"href":"https:\/\/2horizontes.com\/index.php?rest_route=\/wp\/v2\/posts\/31933\/revisions\/31936"}],"wp:featuredmedia":[{"embeddable":true,"href":"https:\/\/2horizontes.com\/index.php?rest_route=\/wp\/v2\/media\/31935"}],"wp:attachment":[{"href":"https:\/\/2horizontes.com\/index.php?rest_route=%2Fwp%2Fv2%2Fmedia&parent=31933"}],"wp:term":[{"taxonomy":"category","embeddable":true,"href":"https:\/\/2horizontes.com\/index.php?rest_route=%2Fwp%2Fv2%2Fcategories&post=31933"},{"taxonomy":"post_tag","embeddable":true,"href":"https:\/\/2horizontes.com\/index.php?rest_route=%2Fwp%2Fv2%2Ftags&post=31933"}],"curies":[{"name":"wp","href":"https:\/\/api.w.org\/{rel}","templated":true}]}}