{"id":31866,"date":"2015-11-10T10:44:52","date_gmt":"2015-11-10T09:44:52","guid":{"rendered":"http:\/\/2horizontes.com\/?p=31866"},"modified":"2015-11-10T10:44:52","modified_gmt":"2015-11-10T09:44:52","slug":"el-recuerdo-a-las-victimas-divide-hoy-a-los-partidos-vascos","status":"publish","type":"post","link":"https:\/\/2horizontes.com\/?p=31866","title":{"rendered":"El recuerdo a las v\u00edctimas divide hoy a los partidos vascos"},"content":{"rendered":"<p>El recuerdo de las v\u00edctimas de la violencia mantendr\u00e1 este martes divididos a los partidos pol\u00edticos vascos en los actos institucionales convocados con motivo del D\u00eda de la Memoria.<\/p>\n<p>Solo el PNV y los socialistas asistir\u00e1n a todos los homenajes tras la decisi\u00f3n del PP y UPyD de ausentarse en las dos principales citas, una promovida por el Parlamento en Vitoria y otra por el Gobierno vasco en Bilbao durante la inauguraci\u00f3n del nuevo Instituto de la Memoria-Gogora. EH Bildu, por primera vez en seis a\u00f1os, acudir\u00e1 al completo al homenaje de la C\u00e1mara vasca.<\/p>\n<p>La divisi\u00f3n pol\u00edtica volver\u00e1 a escenificarse en el d\u00eda dedicado al reconocimiento y reparaci\u00f3n de las v\u00edctimas, que desde 2010 se celebra en Euskadi el 10 de noviembre por ser la \u00fanica fecha del calendario en el que no ha habido muertos por actos terroristas.<\/p>\n<p>El lehendakari, I\u00f1igo Urkullu, en una comparecencia reciente, anim\u00f3 a todas las instituciones vascas a que promovieran actos de recuerdo a los damnificados por el terrorismo. Las discrepancias sobre las v\u00edctimas a las que se debe homenajear ser\u00e1n de nuevo el obst\u00e1culo que impedir\u00e1 la foto conjunta de todos los partidos por esta causa.<\/p>\n<p>El PP considera que tanto el homenaje ante la sede del Parlamento como el que se celebrar\u00e1 en el Instituto Gogora \u201cincumplen\u201d el objetivo de reconocer s\u00f3lo a las v\u00edctimas del terrorismo.<\/p>\n<p>Los populares hab\u00edan exigido que se limitaran a homenajear a las v\u00edctimas de ETA, el GAL y el Batall\u00f3n Vasco Espa\u00f1ol. El presidente del PP vasco, Alfonso Alonso, ha argumentado adem\u00e1s que la inclusi\u00f3n de otras v\u00edctimas en el D\u00eda de la Memoria, como las que sufrieron abusos policiales, pretende \u201cservir de coartada para aquellos que siguen sin condenar el terrorismo\u201d, en referencia a la izquierda abertzale.<\/p>\n<p>UPyD ha empleado razones parecidas para dar la espalda a estos actos. Ha insistido en que son convocatorias en las que se va a \u201cmezclar a las v\u00edctimas de ETA con otras v\u00edctimas\u201d.<\/p>\n<p>En ausencia de estas formaciones, el homenaje central en el Parlamento contar\u00e1 con la participaci\u00f3n de los 21 parlamentarios de EH Bildu, entre ellos los 11 de la izquierda abertzale.<\/p>\n<p>Esta coalici\u00f3n anunci\u00f3 la semana pasada su asistencia al acto y reconoci\u00f3 que durante los a\u00f1os de terrorismo dio la espalda a las v\u00edctimas de ETA y con su actitud pol\u00edtica agrav\u00f3 el dolor de estas.<\/p>\n","protected":false},"excerpt":{"rendered":"<p>El recuerdo de las v\u00edctimas de la violencia mantendr\u00e1 este martes divididos a los partidos pol\u00edticos vascos en los actos institucionales convocados con motivo del D\u00eda de la Memoria. Solo el PNV y los socialistas asistir\u00e1n a todos los homenajes tras la decisi\u00f3n del PP y UPyD de ausentarse en las dos principales citas, una [&hellip;]<\/p>\n","protected":false},"author":3,"featured_media":31867,"comment_status":"open","ping_status":"open","sticky":false,"template":"","format":"standard","meta":{"footnotes":""},"categories":[85],"tags":[],"class_list":["post-31866","post","type-post","status-publish","format-standard","has-post-thumbnail","hentry","category-espana"],"_links":{"self":[{"href":"https:\/\/2horizontes.com\/index.php?rest_route=\/wp\/v2\/posts\/31866","targetHints":{"allow":["GET"]}}],"collection":[{"href":"https:\/\/2horizontes.com\/index.php?rest_route=\/wp\/v2\/posts"}],"about":[{"href":"https:\/\/2horizontes.com\/index.php?rest_route=\/wp\/v2\/types\/post"}],"author":[{"embeddable":true,"href":"https:\/\/2horizontes.com\/index.php?rest_route=\/wp\/v2\/users\/3"}],"replies":[{"embeddable":true,"href":"https:\/\/2horizontes.com\/index.php?rest_route=%2Fwp%2Fv2%2Fcomments&post=31866"}],"version-history":[{"count":1,"href":"https:\/\/2horizontes.com\/index.php?rest_route=\/wp\/v2\/posts\/31866\/revisions"}],"predecessor-version":[{"id":31869,"href":"https:\/\/2horizontes.com\/index.php?rest_route=\/wp\/v2\/posts\/31866\/revisions\/31869"}],"wp:featuredmedia":[{"embeddable":true,"href":"https:\/\/2horizontes.com\/index.php?rest_route=\/wp\/v2\/media\/31867"}],"wp:attachment":[{"href":"https:\/\/2horizontes.com\/index.php?rest_route=%2Fwp%2Fv2%2Fmedia&parent=31866"}],"wp:term":[{"taxonomy":"category","embeddable":true,"href":"https:\/\/2horizontes.com\/index.php?rest_route=%2Fwp%2Fv2%2Fcategories&post=31866"},{"taxonomy":"post_tag","embeddable":true,"href":"https:\/\/2horizontes.com\/index.php?rest_route=%2Fwp%2Fv2%2Ftags&post=31866"}],"curies":[{"name":"wp","href":"https:\/\/api.w.org\/{rel}","templated":true}]}}