{"id":31853,"date":"2015-11-10T10:38:03","date_gmt":"2015-11-10T09:38:03","guid":{"rendered":"http:\/\/2horizontes.com\/?p=31853"},"modified":"2015-11-10T10:38:03","modified_gmt":"2015-11-10T09:38:03","slug":"nadal-este-ano-mi-lesion-ha-sido-mental","status":"publish","type":"post","link":"https:\/\/2horizontes.com\/?p=31853","title":{"rendered":"Nadal: Este a\u00f1o mi lesi\u00f3n ha sido mental"},"content":{"rendered":"<p>Rafa Nadal ha dicho que en 2015 no ha ganado ning\u00fan torneo del Grand Slam ni tampoco un Masters 1.000, algo que le ocurre por primera vez desde 2004, porque su \u00ablesi\u00f3n\u00bb este a\u00f1o \u00abha sido mental\u00bb.<\/p>\n<p>Por primera vez en mi carrera profesional no he sido due\u00f1o de mis emociones en la pista, no he tenido el control de mis nervios, he pasado malos ratos, pero lo he superado\u00bb, dijo Nadal en un acto celebrado en el Auditorium de Palma organizado por uno de sus patrocinadores, el Banco Sabadell.<\/p>\n<p>\u00abVUELVE A DISFRUTAR EN LA PISTA\u00bb<\/p>\n<p>Ante un numeroso p\u00fablico, entre el que se encontraban sus padres, familiares y amigos, Nadal, quinto en la clasificaci\u00f3n mundial, admiti\u00f3 que este a\u00f1o, por esa inseguridad mental, lleg\u00f3 a dudar de \u00abc\u00f3mo pegarle a la bola\u00bb.<\/p>\n<p>Fueron sensaciones que me ha costado superar. Ahora llevo dos meses en que creo estoy haciendo lo que hac\u00eda antes, pegarle a la bola como lo siento en ese momento, controlando mejor la ansiedad y volviendo a disfrutar en la pista\u00bb, se\u00f1al\u00f3.<\/p>\n<p>Nadal subray\u00f3 que hab\u00eda llegado a ese estado de dudas debido a las lesiones de rodillas, espalda y mu\u00f1ecas que hab\u00eda sufrido en a\u00f1os anteriores. \u00abSe pierde seguridad, uno mismo se exige m\u00e1s y las cosas son complicadas. Han sido siete meses en los que ha costado mucho recuperar el nivel mental\u00bb, destac\u00f3.<\/p>\n<p>El tenista mallorqu\u00edn, que ha ganado 14 torneos del &#8216;rand Slam, a\u00f1adi\u00f3 que se siente \u00abcon ganas e ilusi\u00f3n\u00bb para afrontar los pr\u00f3ximos retos, el primero de ellos, el Masters de Londres.<\/p>\n<p>Tengo una gran motivaci\u00f3n, no s\u00e9 lo que puede pasar, pero intentar\u00e9 hacer el mejor juego posible en una superficie que no me favorece\u00bb, ha indicado Nadal, quien cree que en el tenis de hoy \u00abse piensa menos que antes\u00bb.<\/p>\n<p>El tenis se est\u00e1 volviendo un deporte de velocidad, prima la potencia antes que el juego t\u00e1ctico, que se est\u00e1 dejando de lado por la mentalidad de los j\u00f3venes que ahora compiten\u00bb, resalt\u00f3.<\/p>\n<p>Sobre los Juegos Ol\u00edmpicos de R\u00edo de Janeiro 2016, el tenista balear considera un acontecimiento de esa naturaleza como \u00ab\u00fanico\u00bb.<\/p>\n<p>Compet\u00ed en Pek\u00edn (gan\u00f3 la medalla de oro en individuales ante el chileno Fernando Gonz\u00e1lez) y no pude hacerlo en Londres por lesi\u00f3n, y \u00e9ste ha sido el torneo que m\u00e1s me ha dolido perderme en toda mi carrera profesional. \u00bfSi los de R\u00edo ser\u00e1n mis \u00faltimos Juegos? Nunca se sabe\u00bb, dijo Nadal, qui\u00e9n reconoci\u00f3 que el serbio Novak Djokovic \u00abes, merecidamente, el mejor del mundo y hay que aplaudirle\u00bb.<\/p>\n","protected":false},"excerpt":{"rendered":"<p>Rafa Nadal ha dicho que en 2015 no ha ganado ning\u00fan torneo del Grand Slam ni tampoco un Masters 1.000, algo que le ocurre por primera vez desde 2004, porque su \u00ablesi\u00f3n\u00bb este a\u00f1o \u00abha sido mental\u00bb. Por primera vez en mi carrera profesional no he sido due\u00f1o de mis emociones en la pista, no [&hellip;]<\/p>\n","protected":false},"author":3,"featured_media":31857,"comment_status":"open","ping_status":"open","sticky":false,"template":"","format":"standard","meta":{"footnotes":""},"categories":[42],"tags":[],"class_list":["post-31853","post","type-post","status-publish","format-standard","has-post-thumbnail","hentry","category-deportes"],"_links":{"self":[{"href":"https:\/\/2horizontes.com\/index.php?rest_route=\/wp\/v2\/posts\/31853","targetHints":{"allow":["GET"]}}],"collection":[{"href":"https:\/\/2horizontes.com\/index.php?rest_route=\/wp\/v2\/posts"}],"about":[{"href":"https:\/\/2horizontes.com\/index.php?rest_route=\/wp\/v2\/types\/post"}],"author":[{"embeddable":true,"href":"https:\/\/2horizontes.com\/index.php?rest_route=\/wp\/v2\/users\/3"}],"replies":[{"embeddable":true,"href":"https:\/\/2horizontes.com\/index.php?rest_route=%2Fwp%2Fv2%2Fcomments&post=31853"}],"version-history":[{"count":1,"href":"https:\/\/2horizontes.com\/index.php?rest_route=\/wp\/v2\/posts\/31853\/revisions"}],"predecessor-version":[{"id":31858,"href":"https:\/\/2horizontes.com\/index.php?rest_route=\/wp\/v2\/posts\/31853\/revisions\/31858"}],"wp:featuredmedia":[{"embeddable":true,"href":"https:\/\/2horizontes.com\/index.php?rest_route=\/wp\/v2\/media\/31857"}],"wp:attachment":[{"href":"https:\/\/2horizontes.com\/index.php?rest_route=%2Fwp%2Fv2%2Fmedia&parent=31853"}],"wp:term":[{"taxonomy":"category","embeddable":true,"href":"https:\/\/2horizontes.com\/index.php?rest_route=%2Fwp%2Fv2%2Fcategories&post=31853"},{"taxonomy":"post_tag","embeddable":true,"href":"https:\/\/2horizontes.com\/index.php?rest_route=%2Fwp%2Fv2%2Ftags&post=31853"}],"curies":[{"name":"wp","href":"https:\/\/api.w.org\/{rel}","templated":true}]}}