{"id":31840,"date":"2015-11-10T10:31:14","date_gmt":"2015-11-10T09:31:14","guid":{"rendered":"http:\/\/2horizontes.com\/?p=31840"},"modified":"2015-11-10T10:40:45","modified_gmt":"2015-11-10T09:40:45","slug":"farc-se-opone-a-plebiscito-por-la-paz","status":"publish","type":"post","link":"https:\/\/2horizontes.com\/?p=31840","title":{"rendered":"FARC se opone a plebiscito por la paz en Colombia"},"content":{"rendered":"<div id=\"ArticleAuthorDiv\" class=\"article-body-author\"><b>EFE<\/b><\/div>\n<div id=\"ArticleSourceDiv\" class=\"article-body-author\"><b>La Habana<\/b><\/div>\n<div id=\"ArticleBody\">\n<p>Las FARC expresaron ayer su rechazo al plebiscito de paz que se est\u00e1 impulsando en el Congreso colombiano a propuesta del Gobierno por considerarla una \u201ciniciativa extra\u00f1a y ex\u00f3tica\u201d que no cumplir\u00eda con el objetivo de que el pueblo refrende el acuerdo final.<\/p>\n<p>\u201cLa rechazamos no solo por tratarse de una f\u00f3rmula inconsulta, sino porque constituye la m\u00e1s inocua y menos propicia de todas las iniciativas que a prop\u00f3sito de la paz cursan actualmente en el Congreso\u201d, afirm\u00f3 hoy la guerrilla en un comunicado le\u00eddo en La Habana por su jefe negociador \u201cIv\u00e1n M\u00e1rquez\u201d (alias de Luciano Mar\u00edn Arango).<\/p>\n<p>Las FARC aclararon que, aunque es cierto que el plebiscito es uno de los mecanismos para la participaci\u00f3n del pueblo en ejercicio de su soberan\u00eda, es un \u201cinstrumento que simplemente se limita a aceptar o rechazar una pol\u00edtica oficial\u201d, con un alcance jur\u00eddico insuficiente.<\/p>\n<\/div>\n","protected":false},"excerpt":{"rendered":"<p>EFE La Habana Las FARC expresaron ayer su rechazo al plebiscito de paz que se est\u00e1 impulsando en el Congreso colombiano a propuesta del Gobierno por considerarla una \u201ciniciativa extra\u00f1a y ex\u00f3tica\u201d que no cumplir\u00eda con el objetivo de que el pueblo refrende el acuerdo final. \u201cLa rechazamos no solo por tratarse de una f\u00f3rmula [&hellip;]<\/p>\n","protected":false},"author":7,"featured_media":31844,"comment_status":"open","ping_status":"open","sticky":false,"template":"","format":"standard","meta":{"footnotes":""},"categories":[50,49,40,43],"tags":[],"class_list":["post-31840","post","type-post","status-publish","format-standard","has-post-thumbnail","hentry","category-colombia","category-cuba","category-internacionales","category-politica"],"_links":{"self":[{"href":"https:\/\/2horizontes.com\/index.php?rest_route=\/wp\/v2\/posts\/31840","targetHints":{"allow":["GET"]}}],"collection":[{"href":"https:\/\/2horizontes.com\/index.php?rest_route=\/wp\/v2\/posts"}],"about":[{"href":"https:\/\/2horizontes.com\/index.php?rest_route=\/wp\/v2\/types\/post"}],"author":[{"embeddable":true,"href":"https:\/\/2horizontes.com\/index.php?rest_route=\/wp\/v2\/users\/7"}],"replies":[{"embeddable":true,"href":"https:\/\/2horizontes.com\/index.php?rest_route=%2Fwp%2Fv2%2Fcomments&post=31840"}],"version-history":[{"count":3,"href":"https:\/\/2horizontes.com\/index.php?rest_route=\/wp\/v2\/posts\/31840\/revisions"}],"predecessor-version":[{"id":31862,"href":"https:\/\/2horizontes.com\/index.php?rest_route=\/wp\/v2\/posts\/31840\/revisions\/31862"}],"wp:featuredmedia":[{"embeddable":true,"href":"https:\/\/2horizontes.com\/index.php?rest_route=\/wp\/v2\/media\/31844"}],"wp:attachment":[{"href":"https:\/\/2horizontes.com\/index.php?rest_route=%2Fwp%2Fv2%2Fmedia&parent=31840"}],"wp:term":[{"taxonomy":"category","embeddable":true,"href":"https:\/\/2horizontes.com\/index.php?rest_route=%2Fwp%2Fv2%2Fcategories&post=31840"},{"taxonomy":"post_tag","embeddable":true,"href":"https:\/\/2horizontes.com\/index.php?rest_route=%2Fwp%2Fv2%2Ftags&post=31840"}],"curies":[{"name":"wp","href":"https:\/\/api.w.org\/{rel}","templated":true}]}}