{"id":31832,"date":"2015-11-10T10:26:25","date_gmt":"2015-11-10T09:26:25","guid":{"rendered":"http:\/\/2horizontes.com\/?p=31832"},"modified":"2015-11-10T10:26:25","modified_gmt":"2015-11-10T09:26:25","slug":"eeuu-la-justicia-volvio-a-fallar-contra-las-medidas-migratorias-de-barack-obama","status":"publish","type":"post","link":"https:\/\/2horizontes.com\/?p=31832","title":{"rendered":"EEUU: la Justicia volvi\u00f3 a fallar contra las medidas migratorias de Barack Obama"},"content":{"rendered":"<p>Nuevo Orleans.<\/p>\n<p>Por 2 votos a 1 la corte federal estadounidense de apelaciones del V Circuito de Nueva Orleans, mantuvo el bloqueo resuelto por un tribunal distrital de Texas ante un pedido de gobernadores de 26 estados de la uni\u00f3n federal.<\/p>\n<p>&nbsp;<\/p>\n<p>El presidente Barack Obama hab\u00eda anunciado el pasado 20 de noviembre un conjunto de decretos que permit\u00edan a inmigrantes ilegales cuyos hijos ya regularizaron su situaci\u00f3n en Estados Unidos beneficiarse de la misma legislaci\u00f3n, una medida que sacar\u00eda de la ilegalidad a unos cuatro millones de personas en esa situaci\u00f3n.<\/p>\n<p>&nbsp;<\/p>\n<p>El objetivo fundamental de los decretos firmados por Obama era tratar de contener la deportaci\u00f3n masiva de inmigrantes ilegales, incluso de personas cuyos hijos ya pasaron a tener su situaci\u00f3n resuelta.<\/p>\n<p>&nbsp;<\/p>\n<p>Sin embargo, en enero los gobernadores de 26 estados cuestionaron ante la justicia la constitucionalidad de las medidas, por considerar que el presidente Obama carec\u00eda de la autoridad para actuar por tratarse de una cuesti\u00f3n bajo an\u00e1lisis del Congreso.<\/p>\n<p>&nbsp;<\/p>\n<p>Desde entonces Obama ha defendido con u\u00f1as y dientes la legalidad de las medidas y que los decretos de alivio migratorio est\u00e1n dentro de los l\u00edmites de la autoridad presidencial.<\/p>\n<p>&nbsp;<\/p>\n<p>En una nota oficial, el fiscal general de Texas, Ken Paxton (quien present\u00f3 la demanda inicial contra las medidas), salud\u00f3 la decisi\u00f3n del tribunal de apelaciones de Nueva Orleans, por considerar que Obama \u00abagresivamente ignor\u00f3 los l\u00edmites constitucionales de su poder ejecutivo\u00bb.<\/p>\n<p>&nbsp;<\/p>\n<p>\u00abEL CAMINO EST\u00c1 LIBRE PARA QUE LA CORTE SUPREMA DE JUSTICIA CONFIRME LA LEGALIDAD\u00bb DE LOS PROGRAMAS DE REGULARIZACI\u00d3N DE INMIGRANTES, DIJO BOB MEN\u00c9NDEZ<\/p>\n<p>&nbsp;<\/p>\n<p>Por su parte, el senador dem\u00f3crata Bob Men\u00e9ndez expres\u00f3 que \u00absi bien el fallo de hoy puede ser decepcionante para los millones que siguen atrapados en las sombras, de ninguna manera es una sorpresa\u00bb.<\/p>\n<p>&nbsp;<\/p>\n<p>De acuerdo con Men\u00e9ndez, \u00abel camino est\u00e1 finalmente libre para que la Corte Suprema de Justicia confirme la legalidad\u00bb de los programas de regularizaci\u00f3n de inmigrantes y de sus familiares.<\/p>\n<p>&nbsp;<\/p>\n<p>Con la confirmaci\u00f3n del fallo de primera instancia por el tribunal de apelaciones, la administraci\u00f3n estadounidense tiene ahora a la Corte Suprema como pr\u00f3ximo paso, pero con esa alternativa dif\u00edcilmente ser\u00e1 adoptada una decisi\u00f3n antes de que Obama deje la Casa Blanca a su sucesor el 20 de enero de 2017.<\/p>\n<p>&nbsp;<\/p>\n<p>EL PAQUETE DE MEDIDAS AAYUDAR\u00cdA \u00abA MILLONES DE MADRES Y PADRES A PERMANECER EN ESTADOS UNIDOS CON SUS FAMILIAS\u00bb, DIJO BARACK OBAMA<\/p>\n<p>&nbsp;<\/p>\n<p>A inicios de octubre, al hablar en Washington ante el Caucus Hispano estadounidense, Obama hab\u00eda admitido que las medidas de alivio migratorio estaban demorando mucho m\u00e1s de lo esperado, pero adelant\u00f3 que su administraci\u00f3n no cesar\u00eda en el empe\u00f1o.<\/p>\n<p>&nbsp;<\/p>\n<p>Seg\u00fan el presidente, el paquete de medidas anunciado el a\u00f1o pasado ayudar\u00eda \u00aba millones de madres y padres a permanecer en Estados Unidos con sus familias. Y aunque nos est\u00e1 tomando m\u00e1s de lo que esper\u00e1bamos, s\u00e9 que estamos del lado correcto de la ley\u00bb.<\/p>\n<p>&nbsp;<\/p>\n<p>En ese contexto, Obama prometi\u00f3 que dedicar\u00e1 \u00abcada d\u00eda\u00bb que le resta en la Casa Blanca\u00bb a insistir en la necesidad de llevar adelante la reforma migratoria y \u00abpara restaurar este sue\u00f1o\u00bb.<\/p>\n<p>&nbsp;<\/p>\n<p>F. Infobae.<\/p>\n","protected":false},"excerpt":{"rendered":"<p>Nuevo Orleans. Por 2 votos a 1 la corte federal estadounidense de apelaciones del V Circuito de Nueva Orleans, mantuvo el bloqueo resuelto por un tribunal distrital de Texas ante un pedido de gobernadores de 26 estados de la uni\u00f3n federal. &nbsp; El presidente Barack Obama hab\u00eda anunciado el pasado 20 de noviembre un conjunto [&hellip;]<\/p>\n","protected":false},"author":7,"featured_media":31833,"comment_status":"open","ping_status":"open","sticky":false,"template":"","format":"standard","meta":{"footnotes":""},"categories":[54,40,43],"tags":[],"class_list":["post-31832","post","type-post","status-publish","format-standard","has-post-thumbnail","hentry","category-emigrantes","category-internacionales","category-politica"],"_links":{"self":[{"href":"https:\/\/2horizontes.com\/index.php?rest_route=\/wp\/v2\/posts\/31832","targetHints":{"allow":["GET"]}}],"collection":[{"href":"https:\/\/2horizontes.com\/index.php?rest_route=\/wp\/v2\/posts"}],"about":[{"href":"https:\/\/2horizontes.com\/index.php?rest_route=\/wp\/v2\/types\/post"}],"author":[{"embeddable":true,"href":"https:\/\/2horizontes.com\/index.php?rest_route=\/wp\/v2\/users\/7"}],"replies":[{"embeddable":true,"href":"https:\/\/2horizontes.com\/index.php?rest_route=%2Fwp%2Fv2%2Fcomments&post=31832"}],"version-history":[{"count":1,"href":"https:\/\/2horizontes.com\/index.php?rest_route=\/wp\/v2\/posts\/31832\/revisions"}],"predecessor-version":[{"id":31839,"href":"https:\/\/2horizontes.com\/index.php?rest_route=\/wp\/v2\/posts\/31832\/revisions\/31839"}],"wp:featuredmedia":[{"embeddable":true,"href":"https:\/\/2horizontes.com\/index.php?rest_route=\/wp\/v2\/media\/31833"}],"wp:attachment":[{"href":"https:\/\/2horizontes.com\/index.php?rest_route=%2Fwp%2Fv2%2Fmedia&parent=31832"}],"wp:term":[{"taxonomy":"category","embeddable":true,"href":"https:\/\/2horizontes.com\/index.php?rest_route=%2Fwp%2Fv2%2Fcategories&post=31832"},{"taxonomy":"post_tag","embeddable":true,"href":"https:\/\/2horizontes.com\/index.php?rest_route=%2Fwp%2Fv2%2Ftags&post=31832"}],"curies":[{"name":"wp","href":"https:\/\/api.w.org\/{rel}","templated":true}]}}