{"id":31773,"date":"2015-11-09T12:24:37","date_gmt":"2015-11-09T11:24:37","guid":{"rendered":"http:\/\/2horizontes.com\/?p=31773"},"modified":"2015-11-09T12:24:37","modified_gmt":"2015-11-09T11:24:37","slug":"denis-roberts-el-periodista-que-quiere-desacralizar-a-charlie-hebdo","status":"publish","type":"post","link":"https:\/\/2horizontes.com\/?p=31773","title":{"rendered":"Denis Roberts, el periodista que quiere desacralizar a \u00abCharlie Hebdo\u00bb"},"content":{"rendered":"<p class=\"story-body__introduction\">\u00abVer a esos millones de personas fue emocionante, conmovedor\u00bb.<\/p>\n<p>El que habla es <strong>el veterano periodista franc\u00e9s Denis Roberts<\/strong> y se refiere al rechazo masivo que sigui\u00f3 al ataque a la revista sat\u00edrica <i>Charlie Hebdo <\/i>este a\u00f1o.<\/p>\n<p>Los d\u00edas posteriores a aqu\u00e9l funesto 7 de enero, decenas de miles de personas salieron a la calle a solidarizarse con los 12 muertos- entre ellos el editor de la revista, Stephane Charbonnier, <i>Charb<\/i>&#8211; y a gritar \u00abYo soy Charlie\u00bb.<\/p>\n<figure class=\"media-landscape no-caption full-width\"><span class=\"image-and-copyright-container\"><img loading=\"lazy\" decoding=\"async\" class=\"js-image-replace\" src=\"http:\/\/ichef-1.bbci.co.uk\/news\/ws\/624\/amz\/worldservice\/live\/assets\/images\/2015\/10\/13\/151013115951_charlie_hebdo_624x351_getty_nocredit.jpg\" alt=\"\" width=\"624\" height=\"351\" \/><span class=\"off-screen\">Image copyright<\/span><span class=\"story-image-copyright\">Getty<\/span><\/span><\/figure>\n<figure class=\"media-landscape has-caption full-width\"><span class=\"image-and-copyright-container\"><img loading=\"lazy\" decoding=\"async\" class=\"js-image-replace\" src=\"http:\/\/ichef.bbci.co.uk\/news\/ws\/624\/amz\/worldservice\/live\/assets\/images\/2015\/01\/11\/150111054418_france_march_nantes_624x351_afp.jpg\" alt=\"\" width=\"624\" height=\"351\" \/><\/span>Las manifestaciones fueron emocionantes, dice Roberts, \u00abpero tras el luto es hora de reflexionar\u00bb.<\/figure>\n<p>\u00abEl ataque fue tan violento e injusto que el pa\u00eds se volc\u00f3 ante el drama. Nos olvidamos de nuestros odios y diferencias\u00bb, concede.<\/p>\n<p>\u00abFue una reacci\u00f3n sana y espont\u00e1nea\u00bb. Y no s\u00f3lo fue un acto pol\u00edtico, sino tambi\u00e9n de pura humanidad, insiste.<\/p>\n<p>Lea tambi\u00e9n: #JeSuisCharlie: el mundo desaf\u00eda la matanza de Charlie Hebdo<\/p>\n<p><strong>\u00abPero ahora que el luto ha pasado, es tiempo de pensar y sopesar el papel de cada quien en aquello en lo que se convirti\u00f3 la revista, un medio al que todo el mundo tom\u00f3 como estandarte de la libertad de expresi\u00f3n\u00bb<\/strong>, agrega.<\/p>\n<p><strong>Roberts cree que la revista, tantas veces tachada de antiislamista y de racista, hoy es \u00abmenos incisiva\u00bb<\/strong> que cuando la fund\u00f3 Fran\u00e7ois Cavanna.<\/p>\n<p>Y recuerda que \u00e9ste ya dej\u00f3 escrito que <strong>lleg\u00f3 a ser \u00abdemasiado educada, disciplinada y subordinada a la buena moral y el poder\u00bb<\/strong>.<\/p>\n<p>As\u00ed, para ayudar en esa tarea de reflexi\u00f3n, el periodista <strong>acaba de publicar, de la mano de la editorial Julliard, el libro <i>Mohicans<\/i><\/strong>.<\/p>\n<figure class=\"media-portrait no-caption body-narrow-width\"><span class=\"image-and-copyright-container\"><img loading=\"lazy\" decoding=\"async\" class=\"js-image-replace alignleft\" src=\"http:\/\/ichef-1.bbci.co.uk\/news\/ws\/304\/amz\/worldservice\/live\/assets\/images\/2015\/11\/06\/151106130127_francia_charlie_hebdo_revista_satirica_denis_robets_periodista_439x549_julliard_nocredit.jpg\" alt=\"\" width=\"439\" height=\"549\" \/><\/span><\/figure>\n<p>Pero Roberts no es el \u00fanico que, a diez meses del ataque, quiere contar la verdad sobre la revista sat\u00edrica.<\/p>\n<p><strong>Philippe Val, quien estuvo al frente de la publicaci\u00f3n entre 1992 y 2009, publicar\u00e1 el 12 de noviembre <i>C&#8217;etait Charlie<\/i> (Era Charlie), con la editorial Grasset<\/strong>.<\/p>\n<p>El excantante y editor asegura que escribi\u00f3 el libro <strong>\u00aben memoria de los muertos y para honrar la vida\u00bb<\/strong>.<\/p>\n<p>Adem\u00e1s, al menos otros tres trabajos sobre el tema ver\u00e1n la luz el a\u00f1o que viene: <i>Ce que dit Charlie: treize le\u00e7ons d&#8217;histoire<\/i> (Lo que dijo Charlie: trece lecciones de historia), del historiador Pascal Ory.<\/p>\n<p>Lea: El dinero, la maldici\u00f3n de Charlie Hebd\u00f3 tras la masacre islamista<\/p>\n<p>Tambi\u00e9n se publicar\u00e1 <i>Terreur sur l&#8217;Hexagon<\/i> (Terror en el Hex\u00e1gono), del polit\u00f3logo especialista en el islam y el mundo \u00e1rabe Gilles Kepel; y<i> Ch\u00e9rie, je vais \u00e0 Charlie<\/i>(Querida, me voy a Charlie), de Maryse Wolinski, la viuda de Georges Wolinski, artista gr\u00e1fico que falleci\u00f3 en el ataque a la revista sat\u00edrica.<\/p>\n<h2 class=\"story-body__crosshead\">\u00abSin legitimidad\u00bb<\/h2>\n<p>A Denis Roberts la idea le comenz\u00f3 a retumbar en la cabeza mientras entrevistaba a Fran\u00e7ois Cavanna, quien fundara en 1960 la revista sat\u00edrica <i>Hara-kiri<\/i>, la misma que en 1992 pasar\u00eda a llamarse <i>Charlie Hebdo<\/i>.<\/p>\n<p>Roberts, quien fuera durante a\u00f1os periodista de <i>Lib\u00e9ration<\/i>, preparaba entonces el documental <i>Jusqu&#8217;a l&#8217;ultime seconde j&#8217;ecrirai <\/i>(Escribir\u00e9 hasta el \u00faltimo segundo), con el que pretend\u00eda reivindicar la figura de Cavanna, y que lleg\u00f3 a las salas comerciales este julio.<\/p>\n<figure class=\"media-landscape has-caption full-width\"><span class=\"image-and-copyright-container\"><img loading=\"lazy\" decoding=\"async\" class=\"js-image-replace\" src=\"http:\/\/ichef-1.bbci.co.uk\/news\/ws\/624\/amz\/worldservice\/live\/assets\/images\/2015\/11\/06\/151106125507_francia_charlie_hebdo_revista_satirica_denis_robets_periodista_624x351_getty.jpg\" alt=\"\" width=\"624\" height=\"351\" \/><span class=\"off-screen\">Image copyright<\/span><span class=\"story-image-copyright\">Getty<\/span><\/span><figcaption class=\"media-caption\"><span class=\"off-screen\">Image caption<\/span><span class=\"media-caption__text\">Roberts, quien fuera durante a\u00f1os periodista de Lib\u00e9ration, ya hizo un documental sobre el fundador de \u00abCharlie Hebdo\u00bb, Fran\u00e7ois Cavanna.<\/span><\/figcaption><\/figure>\n<p>En una de varias conversaciones, <strong>\u00abCavanna me dijo que entre bambalinas<i>Charlie Hebdo<\/i> se estaba refundando en funci\u00f3n de la mezquindad y la codicia de algunos inversores\u00bb<\/strong>, cuenta Roberts a BBC Mundo.<\/p>\n<p>\u00abDej\u00e9 aquello en suspenso; quer\u00eda buscarle una forma, una escritura\u00bb, recuerda.<\/p>\n<p>\u00abY luego <strong>vinieron los ataques de enero y vi reaparecer en las pantallas de televisi\u00f3n en Francia, pero tambi\u00e9n en el extranjero, a algunos de estos personajes que en mi opini\u00f3n no ten\u00edan legitimidad para evocar esta historia<\/strong>\u00ab, cuenta.<\/p>\n<p>\u00abEs m\u00e1s, <strong>la historia que nos presentaron no ten\u00eda nada que ver con la que yo conoc\u00eda sobre <i>Charlie Hebdo<\/i>\u00ab<\/strong>.<\/p>\n<figure class=\"media-landscape has-caption full-width\"><span class=\"image-and-copyright-container\"><img loading=\"lazy\" decoding=\"async\" class=\"js-image-replace\" src=\"http:\/\/ichef-1.bbci.co.uk\/news\/ws\/624\/amz\/worldservice\/live\/assets\/images\/2015\/11\/06\/151106132441_charlie_hebdo_624x351_afp.jpg\" alt=\"\" width=\"624\" height=\"351\" \/>\u00abCavanna me dijo que entre bambalinas Charlie Hebdo se estaba refundando en funci\u00f3n de la mezquindad y la codicia de algunos inversores\u00bb, dice Roberts.<\/span><\/figure>\n<p>As\u00ed que esper\u00f3 a que las aguas se calmaran y se puso manos a la obra con una obra que \u00abantes de un libro de denuncia, es un libro de explicaciones\u00bb, dice.<\/p>\n<p>En la primera parte reivindica el papel de los fundadores Cavanna y Georges Bernier, alias Choron.<\/p>\n<p>\u00abSomos millones los escritores, periodistas, humoristas y sobre todo lectores que somos m\u00e1s libres gracias a ellos\u00bb, reconoce.<\/p>\n<figure class=\"media-landscape has-caption full-width\"><span class=\"image-and-copyright-container\"><img loading=\"lazy\" decoding=\"async\" class=\"js-image-replace\" src=\"http:\/\/ichef-1.bbci.co.uk\/news\/ws\/624\/amz\/worldservice\/live\/assets\/images\/2015\/11\/06\/151106132541_charlie_hebdo_francois_cavanna_624x415_getty.jpg\" alt=\"\" width=\"624\" height=\"415\" \/>En la primera parte reivindica el papel de los fundadores Cavanna (en la imagen) y Georges Bernier, alias Choron.<\/span><\/figure>\n<p>Pero despu\u00e9s de hacer memoria, Roberts pasa a la denuncia.<\/p>\n<h2 class=\"story-body__crosshead\">\u00abA su servicio\u00bb<\/h2>\n<p>\u00abLuego cuento c\u00f3mo un hombre, con la ayuda de un abogado, logra secuestrar la publicaci\u00f3n y desviar su esp\u00edritu y su inocencia para covertirla en otra cosa\u00bb, contin\u00faa Roberts.<\/p>\n<p><strong>\u00abSe trata de descifrar la particular manera en la que actuaron Philippe Val,<\/strong>aqu\u00e9l cantante famoso en la Francia de los a\u00f1os 70, <strong>su abogado (Richard) Malka y algunos otros para dejar de lado a los fundadores de la revista, expulsar todos los elementos recalcitrantes y poner la revista a su servicio\u00bb<\/strong>.<\/p>\n<figure class=\"media-landscape has-caption full-width\"><span class=\"image-and-copyright-container\"><img loading=\"lazy\" decoding=\"async\" class=\"js-image-replace\" src=\"http:\/\/ichef.bbci.co.uk\/news\/ws\/624\/amz\/worldservice\/live\/assets\/images\/2015\/11\/06\/151106125754_francia_charlie_hebdo_revista_satirica_denis_robets_periodista_624x415_getty.jpg\" alt=\"\" width=\"624\" height=\"415\" \/><span class=\"off-screen\">Image copyright<\/span><span class=\"story-image-copyright\">Getty<\/span><\/span><figcaption class=\"media-caption\"><span class=\"off-screen\">Image caption<\/span><span class=\"media-caption__text\">Roberts pretende desmontar el periodo de Philippe Val (en la imagen) al frente de \u00abCharlie Hebdo\u00bb.<\/span><\/figcaption><\/figure>\n<p>Roberts cree que la revista hoy es \u00abmenos incisiva\u00bb y recuerda que Cavanna ya dej\u00f3 escrito que es \u00abdemasiado educada, disciplinada y subordinada a la buena moral y el poder\u00bb.<\/p>\n<p>Lea: \u00bfC\u00f3mo es Charlie Hebdo, la revista sat\u00edrica que sufri\u00f3 un mortal ataque en Francia?<\/p>\n<p>Adem\u00e1s, el periodista <strong>acusa a Val y a Malka de convertir a <i>Charlie Hebdo<\/i> \u00aben una revista pol\u00edtica con dibujos\u00bb, en \u00abuna catapulta para su ambici\u00f3n personal\u00bb<\/strong>.<\/p>\n<p>Y no es la primera vez que les achaca actuar con esos fines.<\/p>\n<figure class=\"media-landscape has-caption full-width\"><span class=\"image-and-copyright-container\"><img loading=\"lazy\" decoding=\"async\" class=\"js-image-replace\" src=\"http:\/\/ichef.bbci.co.uk\/news\/ws\/624\/amz\/worldservice\/live\/assets\/images\/2015\/11\/06\/151106130010_francia_charlie_hebdo_revista_satirica_denis_robets_periodista_624x351_getty.jpg\" alt=\"\" width=\"624\" height=\"351\" \/>Denis Roberts acusa a Philippe Val (centro) y a Richard Malka (a su derecha, agarr\u00e1ndole la mano) de convertir a Charlie Hebdo \u00aben una revista pol\u00edtica con dibujos\u00bb.<\/span><\/figure>\n<p>Ya en 2008 les reproch\u00f3 haber prohibido publicar en la revista cualquier art\u00edculo que mencionara el <i>caso Clearstream<\/i>, un esc\u00e1ndalo financiero al que en 2001 le dedic\u00f3 el libro <i>R\u00e9v\u00e9lation$.<\/i><\/p>\n<p>En \u00e9l acusaba a la opaca entidad con sede en Luxemburgo, hoy propiedad del Grupo Deutsche B\u00f6rse, de ser una organizaci\u00f3n de lavado de dinero y el centro neur\u00e1lgico del crimen financiero internacional cometido por grandes bancos.<\/p>\n<p>A ra\u00edz de la publicaci\u00f3n, Clearstream demand\u00f3 a Roberts, y el periodista fue juzgado por difamaci\u00f3n y condenado a indemnizar a la compa\u00f1\u00eda luxemburgesa.<\/p>\n<p>Los cargos fueron desestimados por la Corte de Casaci\u00f3n de Par\u00eds en 2011, quien concluy\u00f3 que el trabajo de Roberts estaba protegido por la libertad de expresi\u00f3n y la de prensa.<\/p>\n<figure class=\"media-landscape has-caption full-width\"><span class=\"image-and-copyright-container\"><img loading=\"lazy\" decoding=\"async\" class=\"js-image-replace\" src=\"http:\/\/ichef.bbci.co.uk\/news\/ws\/624\/amz\/worldservice\/live\/assets\/images\/2015\/11\/06\/151106125702_francia_charlie_hebdo_revista_satirica_denis_robets_periodista_624x351_getty.jpg\" alt=\"\" width=\"624\" height=\"351\" \/>Clearstream demand\u00f3 a Roberts, y el periodista fue juzgado por difamaci\u00f3n y condenado a indemnizar a la compa\u00f1\u00eda luxemburgesa.<\/span><\/figure>\n<p>Sin embargo, Roberts insisti\u00f3 en que esa libertad no se hizo efectiva en el <i>Charlie Hebdo<\/i> de Val, y que el editor bloque\u00f3 cualquier menci\u00f3n al caso.<\/p>\n<p>Philippe Val lo desminti\u00f3 con vigor en su editorial del 25 de junio de 2008, asegurando que ni \u00e9l ni Malka ejercieron ninguna presi\u00f3n de ese tipo sobre el equipo, algo que suscribieron el periodista Michel Polac y el caricaturista Maurice Sinet, <i>Sin\u00e9<\/i>.<\/p>\n<h2 class=\"story-body__crosshead\">La versi\u00f3n de Val<\/h2>\n<p>Como entonces, <strong>Val se alista para contar su versi\u00f3n<\/strong>.<\/p>\n<p><strong>El pr\u00f3ximo jueves sacar\u00e1 a la luz <i>C&#8217;etait Charlie, <\/i>en memoria de los excompa\u00f1eros que fallecieron en el ataque de enero<\/strong>.<\/p>\n<p><strong>BBC Mundo le solicit\u00f3 una entrevista con \u00e9l a la editorial, Grasset, pero a d\u00eda de hoy a\u00fan no le ha sido confirmada<\/strong>.<\/p>\n<p>Pero seg\u00fan se\u00f1ala el dossier de prensa del libro, Val tambi\u00e9n considera que lo que se ha contado de <i>Charlie Hebdo<\/i> \u00faltimamente no es la verdad.<\/p>\n<figure class=\"media-landscape has-caption full-width\"><span class=\"image-and-copyright-container\"><img loading=\"lazy\" decoding=\"async\" class=\"js-image-replace\" src=\"http:\/\/ichef-1.bbci.co.uk\/news\/ws\/624\/amz\/worldservice\/live\/assets\/images\/2015\/11\/06\/151106125841_francia_charlie_hebdo_revista_satirica_denis_robets_periodista_624x351_getty.jpg\" alt=\"\" width=\"624\" height=\"351\" \/>\u00abA algunos, asustados por el horror o habitados por oscuros resentimientos, les es permitido reinventar nuestra historia\u00bb, dice Val por su parte.<\/span><\/figure>\n<p><strong>\u00abDespu\u00e9s de los atentados del 7 de enero de 2015 me despert\u00e9 en una pesadilla: nada de lo que escuch\u00e9 se correspond\u00eda con la realidad\u00bb<\/strong>, se\u00f1ala el propio autor.<\/p>\n<p><strong>\u00abA algunos, asustados por el horror o habitados por oscuros resentimientos, les es permitido reinventar nuestra historia\u00bb<\/strong>, a\u00f1ade.<\/p>\n<p>Hace referencia a los art\u00edculos publicados tras el ataque, en los que, seg\u00fan \u00e9l, los refundadores de <i>Charlie Hebdo<\/i> fueron representados como \u00abpeque\u00f1os malvados que publicaron las caricaturas de Mahoma para ganar dinero y desaparecer con \u00e9l\u00bb, dice.<\/p>\n<p><strong>\u00abMientras mis amigos mor\u00edan, yo fui interrogado en los medios por personas que se erigieron en fiscales\u00bb<\/strong>, se queja.<\/p>\n<figure class=\"media-landscape has-caption full-width\"><span class=\"image-and-copyright-container\"><img loading=\"lazy\" decoding=\"async\" class=\"js-image-replace\" src=\"http:\/\/ichef.bbci.co.uk\/news\/ws\/624\/amz\/worldservice\/live\/assets\/images\/2015\/10\/13\/151013105848_charlie_hebdo_offices_624x351_getty.jpg\" alt=\"\" width=\"624\" height=\"351\" \/>Y dedica su libro a sus excompa\u00f1eros muertos en el ataque a \u00abCharlie Hebdo\u00bb.<\/span><\/figure>\n<p>\u00abHist\u00f3ricamente hab\u00edamos tomado partido por los inmigrantes y luchamos contra los prejuicios raciales. Y de repente vimos que aquellos a los que hab\u00edamos pedido respeto y justicia bland\u00edan los pu\u00f1os y ped\u00edan nuestra muerte\u00bb, denuncia.<\/p>\n<p>Y acusa a una parte de la izquierda de haberlos insultado, trat\u00e1ndolos como \u00abzombis que explotaron la pena y el apego a los valores democr\u00e1ticos que encarnaban las v\u00edctimas de los terroristas\u00bb.<\/p>\n<p><strong>\u00abEn medio de esa confusi\u00f3n en el que reinan las mentiras y el miedo\u00bb, hoy quiere dar a enterder \u00abla magnitud del trabajo realizado durante m\u00e1s de 20 a\u00f1os por el genial equipo\u00bb<\/strong> de <i>Charlie Hebdo<\/i>, en que que tambi\u00e9n incluye a Cavanna, uno de los fundadores originales.<\/p>\n<p><strong>Sin embargo, el periodista Roberts no cree que el trabajo hoy sea de tal calidad<\/strong>.<\/p>\n<p>Recuerda que le encantaba leer la revista cuando era estudiante, pero que a d\u00eda de hoy s\u00f3lo la mira de vez en cuando.<\/p>\n<p>\u00abAhora, cuando la hojeo, me encuentro a veces con los recuerdos, con la calidad de la escritura y con la inventiva. <strong>Digamos que un 10% es as\u00ed. As\u00ed que todav\u00eda queda trabajo\u00bb<\/strong>, dice.<\/p>\n<figure class=\"media-landscape has-caption body-narrow-width\"><span class=\"image-and-copyright-container\"><img loading=\"lazy\" decoding=\"async\" class=\"js-image-replace\" src=\"http:\/\/ichef-1.bbci.co.uk\/news\/ws\/304\/amz\/worldservice\/live\/assets\/images\/2015\/01\/09\/150109154317_charlie_hebdo_304x171_afp_nocredit.jpg\" alt=\"\" width=\"304\" height=\"171\" \/><\/span>Sacralizado tras el ataque, la publicaci\u00f3n \u00abdebe recuperar el hilo de su historia\u00bb, dice Roberts.<\/figure>\n<p><strong>Cuando se le pregunta si la publicaci\u00f3n ha sido sacralizada tras el ataque asiente: \u00abEs evidente, nunca ser\u00e1 una revista como las dem\u00e1s\u00bb<\/strong>.<\/p>\n<p>\u00abEl peque\u00f1o equipo que la produce todas las semanas tiene ese peso sobre los hombros\u00bb, dice.<\/p>\n<p>Y con su libro pretende, precisamente, desacralizarla.<\/p>\n","protected":false},"excerpt":{"rendered":"<p>\u00abVer a esos millones de personas fue emocionante, conmovedor\u00bb. El que habla es el veterano periodista franc\u00e9s Denis Roberts y se refiere al rechazo masivo que sigui\u00f3 al ataque a la revista sat\u00edrica Charlie Hebdo este a\u00f1o. Los d\u00edas posteriores a aqu\u00e9l funesto 7 de enero, decenas de miles de personas salieron a la calle [&hellip;]<\/p>\n","protected":false},"author":4,"featured_media":31774,"comment_status":"open","ping_status":"open","sticky":false,"template":"","format":"standard","meta":{"footnotes":""},"categories":[40],"tags":[],"class_list":["post-31773","post","type-post","status-publish","format-standard","has-post-thumbnail","hentry","category-internacionales"],"_links":{"self":[{"href":"https:\/\/2horizontes.com\/index.php?rest_route=\/wp\/v2\/posts\/31773","targetHints":{"allow":["GET"]}}],"collection":[{"href":"https:\/\/2horizontes.com\/index.php?rest_route=\/wp\/v2\/posts"}],"about":[{"href":"https:\/\/2horizontes.com\/index.php?rest_route=\/wp\/v2\/types\/post"}],"author":[{"embeddable":true,"href":"https:\/\/2horizontes.com\/index.php?rest_route=\/wp\/v2\/users\/4"}],"replies":[{"embeddable":true,"href":"https:\/\/2horizontes.com\/index.php?rest_route=%2Fwp%2Fv2%2Fcomments&post=31773"}],"version-history":[{"count":1,"href":"https:\/\/2horizontes.com\/index.php?rest_route=\/wp\/v2\/posts\/31773\/revisions"}],"predecessor-version":[{"id":31775,"href":"https:\/\/2horizontes.com\/index.php?rest_route=\/wp\/v2\/posts\/31773\/revisions\/31775"}],"wp:featuredmedia":[{"embeddable":true,"href":"https:\/\/2horizontes.com\/index.php?rest_route=\/wp\/v2\/media\/31774"}],"wp:attachment":[{"href":"https:\/\/2horizontes.com\/index.php?rest_route=%2Fwp%2Fv2%2Fmedia&parent=31773"}],"wp:term":[{"taxonomy":"category","embeddable":true,"href":"https:\/\/2horizontes.com\/index.php?rest_route=%2Fwp%2Fv2%2Fcategories&post=31773"},{"taxonomy":"post_tag","embeddable":true,"href":"https:\/\/2horizontes.com\/index.php?rest_route=%2Fwp%2Fv2%2Ftags&post=31773"}],"curies":[{"name":"wp","href":"https:\/\/api.w.org\/{rel}","templated":true}]}}