{"id":3171,"date":"2015-01-20T00:17:56","date_gmt":"2015-01-20T00:17:56","guid":{"rendered":"http:\/\/2horizontes.com\/?p=3171"},"modified":"2015-01-20T00:17:56","modified_gmt":"2015-01-20T00:17:56","slug":"pondran-en-marcha-operativo-dia-la-altagracia-con-3521-personas","status":"publish","type":"post","link":"https:\/\/2horizontes.com\/?p=3171","title":{"rendered":"Pondr\u00e1n en marcha operativo D\u00eda La Altagracia con 3,521 personas"},"content":{"rendered":"<p><a href=\"http:\/\/2horizontes.com\/wp-content\/uploads\/2015\/01\/e.jpeg\"><img loading=\"lazy\" decoding=\"async\" src=\"http:\/\/2horizontes.com\/wp-content\/uploads\/2015\/01\/e-300x199.jpeg\" alt=\"e\" width=\"300\" height=\"199\" class=\"alignleft size-medium wp-image-3172\" srcset=\"https:\/\/2horizontes.com\/wp-content\/uploads\/2015\/01\/e-300x199.jpeg 300w, https:\/\/2horizontes.com\/wp-content\/uploads\/2015\/01\/e-510x339.jpeg 510w, https:\/\/2horizontes.com\/wp-content\/uploads\/2015\/01\/e.jpeg 680w\" sizes=\"auto, (max-width: 300px) 100vw, 300px\" \/><\/a><\/p>\n<p>Santo Domingo, 19 ene (EFE).- El Centro de Operaciones de Emergencias (COE) anunci\u00f3 hoy que a partir de las dos de la tarde de este martes podr\u00e1 en marcha un operativo, que involucrar\u00e1 a 3,521 personas, con motivo del D\u00eda de la Altagracia, que se celebra el 21 de enero.<\/p>\n<p>El operativo \u201ctiene como prop\u00f3sito prevenir y responder de forma apropiada ante las emergencias que se generen durante la conmemoraci\u00f3n del d\u00eda de La Altagracia\u201d, subray\u00f3 el COE.<\/p>\n<p>La fase de ejecuci\u00f3n operativa consistir\u00e1 en el despliegue de una fuerza de tarea de 3,521 personas, ubicadas en puntos estrat\u00e9gicos previamente establecidos en las principales autopistas y carreteras que conducen a la provincia La Altagracia.<\/p>\n<p>De acuerdo con el COE, se instalar\u00e1n 51 Puestos de socorro en la regi\u00f3n este y 50 puestos en las dem\u00e1s autopistas del pa\u00eds, para asistir a los feligreses que se dirijan a la provincia La Altagracia.<\/p>\n<p>Asimismo, ser\u00e1n distribuidas 30 unidades de ambulancias, ubicadas en puntos cr\u00edticos en funci\u00f3n de los accidentes que durante el a\u00f1o han ocurridos en carreteras y un helic\u00f3ptero el cual cubrir\u00e1 la zona este para atender cualquier situaci\u00f3n extrema que se presente.<\/p>\n<p>Dentro del per\u00edmetro de la Bas\u00edlica de Hig\u00fcey, agreg\u00f3, se instalar\u00e1n dos consultorios m\u00e9dicos, para la atenci\u00f3n y traslado a los centros de salud de aquellas personas que lo ameriten y dos hospitales de campa\u00f1a, adem\u00e1s de un centro de coordinaci\u00f3n para facilitar las operaciones entre las instituciones presentes.<\/p>\n<p>El plan ser\u00e1 coordinado por el Centro de Operaciones de Emergencias, con la participaci\u00f3n de diversos organismos entre los cuales se encuentran los ministerios de la Presidencia, Administrativo de la Presidencia, la Direcci\u00f3n General de Comunicaci\u00f3n (Dicom), Interior y Policia, Salud, Obras P\u00fablicas, Defensa, los Bomberos, la Polic\u00eda, entre otros.<\/p>\n<p>En tanto, la Autoridad Metropolitana de Transporte (AMET), quien tambi\u00e9n forma parte del operativo, exhort\u00f3 a los ciudadanos que se desplazar\u00e1n hacia la Bas\u00edlica a tomar las medidas de prevenci\u00f3n necesarias para evitar accidentes, tales como utilizar el cintur\u00f3n de seguridad y los motociclistas usar los cascos protectores en la cabeza y no montar m\u00e1s de un pasajero. EFE<\/p>\n","protected":false},"excerpt":{"rendered":"<p>Santo Domingo, 19 ene (EFE).- El Centro de Operaciones de Emergencias (COE) anunci\u00f3 hoy que a partir de las dos de la tarde de este martes podr\u00e1 en marcha un operativo, que involucrar\u00e1 a 3,521 personas, con motivo del D\u00eda de la Altagracia, que se celebra el 21 de enero. El operativo \u201ctiene como prop\u00f3sito [&hellip;]<\/p>\n","protected":false},"author":1,"featured_media":0,"comment_status":"open","ping_status":"open","sticky":false,"template":"","format":"standard","meta":{"footnotes":""},"categories":[1],"tags":[],"class_list":["post-3171","post","type-post","status-publish","format-standard","hentry","category-entretenimiento"],"_links":{"self":[{"href":"https:\/\/2horizontes.com\/index.php?rest_route=\/wp\/v2\/posts\/3171","targetHints":{"allow":["GET"]}}],"collection":[{"href":"https:\/\/2horizontes.com\/index.php?rest_route=\/wp\/v2\/posts"}],"about":[{"href":"https:\/\/2horizontes.com\/index.php?rest_route=\/wp\/v2\/types\/post"}],"author":[{"embeddable":true,"href":"https:\/\/2horizontes.com\/index.php?rest_route=\/wp\/v2\/users\/1"}],"replies":[{"embeddable":true,"href":"https:\/\/2horizontes.com\/index.php?rest_route=%2Fwp%2Fv2%2Fcomments&post=3171"}],"version-history":[{"count":1,"href":"https:\/\/2horizontes.com\/index.php?rest_route=\/wp\/v2\/posts\/3171\/revisions"}],"predecessor-version":[{"id":3173,"href":"https:\/\/2horizontes.com\/index.php?rest_route=\/wp\/v2\/posts\/3171\/revisions\/3173"}],"wp:attachment":[{"href":"https:\/\/2horizontes.com\/index.php?rest_route=%2Fwp%2Fv2%2Fmedia&parent=3171"}],"wp:term":[{"taxonomy":"category","embeddable":true,"href":"https:\/\/2horizontes.com\/index.php?rest_route=%2Fwp%2Fv2%2Fcategories&post=3171"},{"taxonomy":"post_tag","embeddable":true,"href":"https:\/\/2horizontes.com\/index.php?rest_route=%2Fwp%2Fv2%2Ftags&post=3171"}],"curies":[{"name":"wp","href":"https:\/\/api.w.org\/{rel}","templated":true}]}}