{"id":31706,"date":"2015-11-09T09:21:33","date_gmt":"2015-11-09T08:21:33","guid":{"rendered":"http:\/\/2horizontes.com\/?p=31706"},"modified":"2015-11-09T09:21:33","modified_gmt":"2015-11-09T08:21:33","slug":"rescatados-32-ninos-y-11-adultos-de-un-autobus-incendiado-en-francia","status":"publish","type":"post","link":"https:\/\/2horizontes.com\/?p=31706","title":{"rendered":"Rescatados 32 ni\u00f1os y 11 adultos de un autob\u00fas incendiado en Francia"},"content":{"rendered":"<p>Los 32 ni\u00f1os y 11 adultos que viajaban en un autob\u00fas para disputar un partido de rugby en el suroeste de Francia fueron rescatados con vida despu\u00e9s de que el veh\u00edculo se incendiara en medio de la carretera, informaron hoy las autoridades.<\/p>\n<p>El incidente tuvo lugar 2 semanas despu\u00e9s del choque cerca de esa zona de un autob\u00fas que trasladaba ancianos y un cami\u00f3n en el que murieron 43 personas y que es el accidente de tr\u00e1fico m\u00e1s grave del pa\u00eds desde 1982.<\/p>\n<p>El incendio se produjo a primera hora de la ma\u00f1ana en la carretera 141 cerca de la localidad de \u00c9tagnac, al noreste de Burdeos, a unos 160 kil\u00f3metros de Puysseguin, donde tuvo lugar el accidente del pasado 23 de octubre.<\/p>\n<p>Seg\u00fan relat\u00f3 a la televisora BFMTV el adjunto del prefecto de Charante, Lucien Giudicelli, el conductor del autob\u00fas not\u00f3 que el motor, situado en la parte trasera del veh\u00edculo, se incendiaba, por lo que evacu\u00f3 con calma a los ocupantes.<\/p>\n<p>Pero no pudo evitar que las llamas se propagaran por todo el autob\u00fas, que qued\u00f3 completamente calcinado.<\/p>\n<p>Los ni\u00f1os, que acud\u00edan a una localidad vecina a disputar un partido de rugby, fueron reunidos en un polideportivo cercano, donde sus padres acudieron a buscarles.<\/p>\n<p>Por el momento se desconocen los motivos por los que el autob\u00fas se incendi\u00f3.<\/p>\n","protected":false},"excerpt":{"rendered":"<p>Los 32 ni\u00f1os y 11 adultos que viajaban en un autob\u00fas para disputar un partido de rugby en el suroeste de Francia fueron rescatados con vida despu\u00e9s de que el veh\u00edculo se incendiara en medio de la carretera, informaron hoy las autoridades. El incidente tuvo lugar 2 semanas despu\u00e9s del choque cerca de esa zona [&hellip;]<\/p>\n","protected":false},"author":3,"featured_media":31707,"comment_status":"open","ping_status":"open","sticky":false,"template":"","format":"standard","meta":{"footnotes":""},"categories":[40],"tags":[],"class_list":["post-31706","post","type-post","status-publish","format-standard","has-post-thumbnail","hentry","category-internacionales"],"_links":{"self":[{"href":"https:\/\/2horizontes.com\/index.php?rest_route=\/wp\/v2\/posts\/31706","targetHints":{"allow":["GET"]}}],"collection":[{"href":"https:\/\/2horizontes.com\/index.php?rest_route=\/wp\/v2\/posts"}],"about":[{"href":"https:\/\/2horizontes.com\/index.php?rest_route=\/wp\/v2\/types\/post"}],"author":[{"embeddable":true,"href":"https:\/\/2horizontes.com\/index.php?rest_route=\/wp\/v2\/users\/3"}],"replies":[{"embeddable":true,"href":"https:\/\/2horizontes.com\/index.php?rest_route=%2Fwp%2Fv2%2Fcomments&post=31706"}],"version-history":[{"count":1,"href":"https:\/\/2horizontes.com\/index.php?rest_route=\/wp\/v2\/posts\/31706\/revisions"}],"predecessor-version":[{"id":31708,"href":"https:\/\/2horizontes.com\/index.php?rest_route=\/wp\/v2\/posts\/31706\/revisions\/31708"}],"wp:featuredmedia":[{"embeddable":true,"href":"https:\/\/2horizontes.com\/index.php?rest_route=\/wp\/v2\/media\/31707"}],"wp:attachment":[{"href":"https:\/\/2horizontes.com\/index.php?rest_route=%2Fwp%2Fv2%2Fmedia&parent=31706"}],"wp:term":[{"taxonomy":"category","embeddable":true,"href":"https:\/\/2horizontes.com\/index.php?rest_route=%2Fwp%2Fv2%2Fcategories&post=31706"},{"taxonomy":"post_tag","embeddable":true,"href":"https:\/\/2horizontes.com\/index.php?rest_route=%2Fwp%2Fv2%2Ftags&post=31706"}],"curies":[{"name":"wp","href":"https:\/\/api.w.org\/{rel}","templated":true}]}}