{"id":31655,"date":"2015-11-08T12:56:22","date_gmt":"2015-11-08T11:56:22","guid":{"rendered":"http:\/\/2horizontes.com\/?p=31655"},"modified":"2015-11-08T12:56:22","modified_gmt":"2015-11-08T11:56:22","slug":"burundi-la-gente-huye-de-casas-por-miedo-a-que-se-desaten-matanzas-masivas","status":"publish","type":"post","link":"https:\/\/2horizontes.com\/?p=31655","title":{"rendered":"Burundi: la gente huye de casas por miedo a que se desaten matanzas masivas"},"content":{"rendered":"<p>Burundi.-\u00a0La crisis pol\u00edtica contin\u00faa escalando en Burundi luego que el mandatario <b>gan\u00f3 las elecciones para un tercer mandato, <\/b>lo que gener\u00f3 la indignaci\u00f3n de la oposici\u00f3n, porque seg\u00fan ellos est\u00e1 prohibido constitucionalmente.<\/p>\n<p>En los \u00faltimos meses hubo<b> brutales represiones <\/b>de las manifestaciones en contra del presidente, y la reelecci\u00f3n no evit\u00f3 que la violencia se intensificara, y que pasara a ser armada.<\/p>\n<p>Este domingo, al haberse cumplido el plazo estipulado por Pierre Nkurunzina, quien le dio un \u00abultim\u00e1tum\u00bb a la oposici\u00f3n para que deponga las armas,<b> los habitantes comenzaron a irse de la mayor\u00eda de los barrios tutsi del norte de la capital para refugiarse en la periferia o en zonas m\u00e1s tranquilas<\/b>.<\/p>\n<div id=\"1986775-Grande-211968412_wrap\" class=\"embed_cont type_imagen\">\n<div id=\"1986775-Grande-211968412_content\" class=\"embed_content\"><img decoding=\"async\" id=\"1986775-Grande-211968412_embed\" src=\"http:\/\/cdn01.am.infobae.com\/adjuntos\/163\/imagenes\/012\/602\/0012602238.jpg?0000-00-00-00-00-00\" alt=\"\" \/><\/div>\n<div id=\"1986775-Grande-211968412_epigrafe\" class=\"embed_epigrafe\"><\/div>\n<div id=\"1986775-Grande-211968412_copyright\" class=\"embed_copyright\">Reuters<\/div>\n<\/div>\n<p>La oposici\u00f3n, que boicote\u00f3 los comicios, la sociedad civil y la Iglesia cat\u00f3lica consideran que ese tercer mandato es contrario a la Constituci\u00f3n y al Acuerdo de Arusha que abri\u00f3 la v\u00eda al final de la guerra civil (300.000 muertos entre 1993 y 2006), que limitan a dos los mandatos presidenciales.<\/p>\n<p><b>\u00abNo habr\u00e1 guerra ni genocidio\u00bb<\/b>, reconoci\u00f3 este s\u00e1bado el responsable de comunicaci\u00f3n de la presidencia, Willy Nyamitwe.<\/p>\n<div id=\"1986757-Grande-548168177_wrap\" class=\"embed_cont type_imagen\">\n<div id=\"1986757-Grande-548168177_content\" class=\"embed_content\"><img decoding=\"async\" id=\"1986757-Grande-548168177_embed\" src=\"http:\/\/cdn01.am.infobae.com\/adjuntos\/163\/imagenes\/012\/602\/0012602075.jpg?0000-00-00-00-00-00\" alt=\"\" \/><\/div>\n<div id=\"1986757-Grande-548168177_epigrafe\" class=\"embed_epigrafe\"><\/div>\n<div id=\"1986757-Grande-548168177_copyright\" class=\"embed_copyright\">AFP<\/div>\n<\/div>\n<p>\u00abEs incre\u00edble ver como un gobierno que quiere acabar con el terrorismo recibe cr\u00edticas en lugar de ser alentado\u00bb, remarc\u00f3.<\/p>\n<p>Los disturbios que se iniciaron en el mes de abril <b>ya se cobraron la vida de 200 personas, y al menos 200 mil huyeron de sus hogares<\/b>.<\/p>\n<div id=\"1986770-Grande-531949563_wrap\" class=\"embed_cont type_imagen\">\n<div id=\"1986770-Grande-531949563_content\" class=\"embed_content\"><img decoding=\"async\" id=\"1986770-Grande-531949563_embed\" src=\"http:\/\/cdn01.am.infobae.com\/adjuntos\/163\/imagenes\/012\/602\/0012602198.jpg?0000-00-00-00-00-00\" alt=\"\" \/><\/div>\n<div id=\"1986770-Grande-531949563_epigrafe\" class=\"embed_epigrafe\"><\/div>\n<div id=\"1986770-Grande-531949563_copyright\" class=\"embed_copyright\">Reuters<\/div>\n<\/div>\n<p>En medio del conflicto, el presidente del Senado, Reverien Ndikuriyo, <b>amenaz\u00f3 con \u00abpulverizar\u00bb a los opositores <\/b>del r\u00e9gimen que no depusieran las armas antes de un plazo que ya expir\u00f3.<\/p>\n<p>\u00abHoy, la polic\u00eda dispara en las piernas, pero cuando llegue el d\u00eda en que les digamos de ir al &#8216;trabajo&#8217;, no vengan a llorarnos\u00bb, afirm\u00f3 Ndikuriyo.<\/p>\n","protected":false},"excerpt":{"rendered":"<p>Burundi.-\u00a0La crisis pol\u00edtica contin\u00faa escalando en Burundi luego que el mandatario gan\u00f3 las elecciones para un tercer mandato, lo que gener\u00f3 la indignaci\u00f3n de la oposici\u00f3n, porque seg\u00fan ellos est\u00e1 prohibido constitucionalmente. En los \u00faltimos meses hubo brutales represiones de las manifestaciones en contra del presidente, y la reelecci\u00f3n no evit\u00f3 que la violencia se [&hellip;]<\/p>\n","protected":false},"author":7,"featured_media":31656,"comment_status":"open","ping_status":"open","sticky":false,"template":"","format":"standard","meta":{"footnotes":""},"categories":[51,40,43],"tags":[],"class_list":["post-31655","post","type-post","status-publish","format-standard","has-post-thumbnail","hentry","category-africa","category-internacionales","category-politica"],"_links":{"self":[{"href":"https:\/\/2horizontes.com\/index.php?rest_route=\/wp\/v2\/posts\/31655","targetHints":{"allow":["GET"]}}],"collection":[{"href":"https:\/\/2horizontes.com\/index.php?rest_route=\/wp\/v2\/posts"}],"about":[{"href":"https:\/\/2horizontes.com\/index.php?rest_route=\/wp\/v2\/types\/post"}],"author":[{"embeddable":true,"href":"https:\/\/2horizontes.com\/index.php?rest_route=\/wp\/v2\/users\/7"}],"replies":[{"embeddable":true,"href":"https:\/\/2horizontes.com\/index.php?rest_route=%2Fwp%2Fv2%2Fcomments&post=31655"}],"version-history":[{"count":1,"href":"https:\/\/2horizontes.com\/index.php?rest_route=\/wp\/v2\/posts\/31655\/revisions"}],"predecessor-version":[{"id":31657,"href":"https:\/\/2horizontes.com\/index.php?rest_route=\/wp\/v2\/posts\/31655\/revisions\/31657"}],"wp:featuredmedia":[{"embeddable":true,"href":"https:\/\/2horizontes.com\/index.php?rest_route=\/wp\/v2\/media\/31656"}],"wp:attachment":[{"href":"https:\/\/2horizontes.com\/index.php?rest_route=%2Fwp%2Fv2%2Fmedia&parent=31655"}],"wp:term":[{"taxonomy":"category","embeddable":true,"href":"https:\/\/2horizontes.com\/index.php?rest_route=%2Fwp%2Fv2%2Fcategories&post=31655"},{"taxonomy":"post_tag","embeddable":true,"href":"https:\/\/2horizontes.com\/index.php?rest_route=%2Fwp%2Fv2%2Ftags&post=31655"}],"curies":[{"name":"wp","href":"https:\/\/api.w.org\/{rel}","templated":true}]}}