{"id":31639,"date":"2015-11-07T09:47:19","date_gmt":"2015-11-07T08:47:19","guid":{"rendered":"http:\/\/2horizontes.com\/?p=31639"},"modified":"2015-11-07T09:47:19","modified_gmt":"2015-11-07T08:47:19","slug":"raul-castro-dice-que-se-ira-en-febrero-de-2018","status":"publish","type":"post","link":"https:\/\/2horizontes.com\/?p=31639","title":{"rendered":"Ra\u00fal Castro dice que se ir\u00e1 en febrero de 2018"},"content":{"rendered":"<p><strong>El Mundo \/ M\u00e9xico<\/strong><\/p>\n<p>El presidente de Cuba, Ra\u00fal Castro, de 84 a\u00f1os, confirm\u00f3 su decisi\u00f3n de retirarse del poder al final de su mandato como Presidente. \u00abEl 24 de febrero de\u00a0 2018 concluyo y me retirar\u00e9\u201d, dijo ayer en su primera visita de Estado a M\u00e9xico.<\/p>\n<p>El Mandatario afirm\u00f3 que \u00abno voy a llegar a tatarabuelo, ni a chozno (trastatarabuelo), porque se van a aburrir los cubanos de m\u00ed\u201d, durante una comida de Estado en su honor en una finca de la ciudad de M\u00e9rida, enclavada en la pen\u00ednsula de Yucat\u00e1n.<\/p>\n<p>\u00abComo dije en el \u00faltimo congreso de nuestro partido, y cuando tom\u00e9 posesi\u00f3n de mi primer mandato de cinco a\u00f1os, el 24 de febrero de\u00a0 2018 concluyo y me retirar\u00e9\u201d, dijo el l\u00edder cubano, que cumpli\u00f3 84 a\u00f1os el 3 de junio pasado. El menor de los hermanos Castro dese\u00f3 a todos los mexicanos un \u00abfuturo de paz, desarrollo, bienestar y prosperidad que merecen, por su gloriosa historia, y su vocaci\u00f3n pac\u00edfica y solidaria\u201d.<\/p>\n<p>Ra\u00fal Castro fue ratificado en su cargo al ser electo en 2013, tras heredarlo de su hermano mayor Fidel, l\u00edder hist\u00f3rico de la Revoluci\u00f3n del 1 de enero de 1959, quien cumpli\u00f3 89 a\u00f1os el 13 de agosto pasado, y renunci\u00f3 a su cargo de Presidente el 31 de julio de 2006, tras una cirug\u00eda.<\/p>\n<p>En la Quinta Montes Molina, el presidente Enrique Pe\u00f1a ofreci\u00f3 una comida en honor de su hom\u00f3logo cubano, quien realiza una visita de Estado de dos d\u00edas a nuestro pa\u00eds.<\/p>\n<p>A su turno, Pe\u00f1a hizo un brindis \u00abpor el bienestar del pueblo de su presidente Ra\u00fal Castro. Quiero brindar por la prosperidad y el desarrollo de nuestras sociedades\u201d.<\/p>\n","protected":false},"excerpt":{"rendered":"<p>El Mundo \/ M\u00e9xico El presidente de Cuba, Ra\u00fal Castro, de 84 a\u00f1os, confirm\u00f3 su decisi\u00f3n de retirarse del poder al final de su mandato como Presidente. \u00abEl 24 de febrero de\u00a0 2018 concluyo y me retirar\u00e9\u201d, dijo ayer en su primera visita de Estado a M\u00e9xico. El Mandatario afirm\u00f3 que \u00abno voy a llegar [&hellip;]<\/p>\n","protected":false},"author":7,"featured_media":31640,"comment_status":"open","ping_status":"open","sticky":false,"template":"","format":"standard","meta":{"footnotes":""},"categories":[49,40,43],"tags":[],"class_list":["post-31639","post","type-post","status-publish","format-standard","has-post-thumbnail","hentry","category-cuba","category-internacionales","category-politica"],"_links":{"self":[{"href":"https:\/\/2horizontes.com\/index.php?rest_route=\/wp\/v2\/posts\/31639","targetHints":{"allow":["GET"]}}],"collection":[{"href":"https:\/\/2horizontes.com\/index.php?rest_route=\/wp\/v2\/posts"}],"about":[{"href":"https:\/\/2horizontes.com\/index.php?rest_route=\/wp\/v2\/types\/post"}],"author":[{"embeddable":true,"href":"https:\/\/2horizontes.com\/index.php?rest_route=\/wp\/v2\/users\/7"}],"replies":[{"embeddable":true,"href":"https:\/\/2horizontes.com\/index.php?rest_route=%2Fwp%2Fv2%2Fcomments&post=31639"}],"version-history":[{"count":1,"href":"https:\/\/2horizontes.com\/index.php?rest_route=\/wp\/v2\/posts\/31639\/revisions"}],"predecessor-version":[{"id":31641,"href":"https:\/\/2horizontes.com\/index.php?rest_route=\/wp\/v2\/posts\/31639\/revisions\/31641"}],"wp:featuredmedia":[{"embeddable":true,"href":"https:\/\/2horizontes.com\/index.php?rest_route=\/wp\/v2\/media\/31640"}],"wp:attachment":[{"href":"https:\/\/2horizontes.com\/index.php?rest_route=%2Fwp%2Fv2%2Fmedia&parent=31639"}],"wp:term":[{"taxonomy":"category","embeddable":true,"href":"https:\/\/2horizontes.com\/index.php?rest_route=%2Fwp%2Fv2%2Fcategories&post=31639"},{"taxonomy":"post_tag","embeddable":true,"href":"https:\/\/2horizontes.com\/index.php?rest_route=%2Fwp%2Fv2%2Ftags&post=31639"}],"curies":[{"name":"wp","href":"https:\/\/api.w.org\/{rel}","templated":true}]}}