{"id":31484,"date":"2015-11-06T09:19:35","date_gmt":"2015-11-06T08:19:35","guid":{"rendered":"http:\/\/2horizontes.com\/?p=31484"},"modified":"2015-11-06T09:19:35","modified_gmt":"2015-11-06T08:19:35","slug":"hombres-en-falda-marchan-contra-femicidios-en-argentina","status":"publish","type":"post","link":"https:\/\/2horizontes.com\/?p=31484","title":{"rendered":"Hombres en falda marchan contra femicidios en Argentina"},"content":{"rendered":"<p><strong>Argentina.-\u00a0<\/strong><\/p>\n<p>Hombres vistiendo polleras (faldas) marcharon hoy jueves en esta capital y en otras ciudades de Argentina, para expresar su repudio y rechazo ante los constantes casos de violencia de g\u00e9nero.<\/p>\n<p>La convocatoria en Buenos Aires tuvo lugar en la esquina de las avenidas Callao y Corrientes, a 400 metros del Congreso, desde donde los asistentes se movilizaron al tradicional Obelisco, monumento emblem\u00e1tico del pa\u00eds.<\/p>\n<p>La iniciativa se realiz\u00f3 bajo la consigna \u00abPonete la pollera si sos hombre\u00bb, y se replic\u00f3 adem\u00e1s en la Plaza Pringles (Rosario), en la esquina de Luro y Mitre (Mar del Plata), en la Plaza Urquiza (Tucum\u00e1n), como as\u00ed tambi\u00e9n en puntos de las ciudades de Mendoza y Saladillo.<\/p>\n<p>\u00abEsta es una convocatoria de hombres en apoyo a las mujeres, para decir &#8216;basta de femicidios&#8217;. Estamos cansados de la cantidad de muertes que hay de mujeres a manos de hombres\u00bb, dijo a Xinhua uno de los manifestantes.<\/p>\n<p>\u00abNos ponemos en el lugar de las mujeres y les mostramos que nos ponemos en su lugar. Nos debemos un rol de lo masculino en la sociedad actual\u00bb, agreg\u00f3.<\/p>\n<p>Por su parte, otro de los presentes dijo \u00aben la Argentina se sigue asesinando a una mujer cada 36 horas, y cada mujer asesinada es una madre, una hija, una hermana. Entonces, decimos basta\u00bb.<\/p>\n<p>En el pa\u00eds sudamericano, una de cada diez mujeres reconoce haber sido maltratada por su pareja en el \u00faltimo a\u00f1o, seg\u00fan un informe privado dado a conocer el 31 de agosto.<\/p>\n<p>El reporte fue elaborado por el Centro de Investigaciones Sociales (CIS) Voices! y la Fundaci\u00f3n UADE, de la Universidad Argentina de la Empresa, que abordaron la opini\u00f3n p\u00fablica en el pa\u00eds sobre violencia de g\u00e9nero.<\/p>\n<p>Puntualmente, se consider\u00f3 el maltrato f\u00edsico y ps\u00edquico contra la mujer realizada por una de las personas m\u00e1s cercanas: su pareja.<\/p>\n<p>La violencia de g\u00e9nero ha quedado bajo la luz p\u00fablica en el tiempo reciente en la Argentina, y es cada vez m\u00e1s un eje de preocupaci\u00f3n en el pa\u00eds.<\/p>\n<p>A principios de junio, se realizaron marchas masivas en las principales ciudades bajo la consigna \u00abNi una menos\u00bb, luego de conocerse el asesinato de una joven a manos de su novio en la provincia de Santa Fe.<\/p>\n<p>El trabajo de Voices! y la Fundaci\u00f3n UADE se realiz\u00f3 tomando como base una encuesta realizada en todo el pa\u00eds a 1.008 personas de 16 a\u00f1os y m\u00e1s, utilizando entrevistas personales como instrumento de recolecci\u00f3n.<\/p>\n<p>Determin\u00f3 que \u00abuna de cada 10 mujeres reconoci\u00f3 haber sido maltratada por su pareja en el \u00faltimo a\u00f1o. Estas cifras proyectadas al total de la poblaci\u00f3n arrojan que casi un mill\u00f3n setecientas mil mujeres sufren cada a\u00f1o alguna forma de maltrato ps\u00edquico o f\u00edsico por parte de su pareja\u00bb.<\/p>\n<p>En lo que hace espec\u00edficamente a la violencia f\u00edsica, un 4% de las mujeres dijo haber sufrido este tipo de violencia en los \u00faltimos 12 meses. Estas cifras proyectadas al total de la poblaci\u00f3n muestran que cerca de 600.000 mujeres declaran que fueron agredidas f\u00edsicamente en el \u00faltimo a\u00f1o por su pareja.<\/p>\n<p>El maltrato y la violencia se dan en todos los niveles socioecon\u00f3micos y de educaci\u00f3n.<\/p>\n<p>\u00abEs entre las mujeres de 25 a 34 a\u00f1os el grupo en el que se registran las cifras m\u00e1s altas de maltrato.<\/p>\n<p>El Gran Buenos Aires, periferia de esta capital, es la zona donde se registra la mayor cantidad de casos.<\/p>\n<p>Seg\u00fan datos provistos por la ONG La Casa del Encuentro, en la Argentina se produjeron 1808 femicidios en el lapso 2008-2014.<\/p>\n<p>F.\u00a0spanish.peopledaily.com.cn\/<\/p>\n","protected":false},"excerpt":{"rendered":"<p>Argentina.-\u00a0 Hombres vistiendo polleras (faldas) marcharon hoy jueves en esta capital y en otras ciudades de Argentina, para expresar su repudio y rechazo ante los constantes casos de violencia de g\u00e9nero. La convocatoria en Buenos Aires tuvo lugar en la esquina de las avenidas Callao y Corrientes, a 400 metros del Congreso, desde donde los [&hellip;]<\/p>\n","protected":false},"author":7,"featured_media":31485,"comment_status":"open","ping_status":"open","sticky":false,"template":"","format":"standard","meta":{"footnotes":""},"categories":[40],"tags":[],"class_list":["post-31484","post","type-post","status-publish","format-standard","has-post-thumbnail","hentry","category-internacionales"],"_links":{"self":[{"href":"https:\/\/2horizontes.com\/index.php?rest_route=\/wp\/v2\/posts\/31484","targetHints":{"allow":["GET"]}}],"collection":[{"href":"https:\/\/2horizontes.com\/index.php?rest_route=\/wp\/v2\/posts"}],"about":[{"href":"https:\/\/2horizontes.com\/index.php?rest_route=\/wp\/v2\/types\/post"}],"author":[{"embeddable":true,"href":"https:\/\/2horizontes.com\/index.php?rest_route=\/wp\/v2\/users\/7"}],"replies":[{"embeddable":true,"href":"https:\/\/2horizontes.com\/index.php?rest_route=%2Fwp%2Fv2%2Fcomments&post=31484"}],"version-history":[{"count":1,"href":"https:\/\/2horizontes.com\/index.php?rest_route=\/wp\/v2\/posts\/31484\/revisions"}],"predecessor-version":[{"id":31486,"href":"https:\/\/2horizontes.com\/index.php?rest_route=\/wp\/v2\/posts\/31484\/revisions\/31486"}],"wp:featuredmedia":[{"embeddable":true,"href":"https:\/\/2horizontes.com\/index.php?rest_route=\/wp\/v2\/media\/31485"}],"wp:attachment":[{"href":"https:\/\/2horizontes.com\/index.php?rest_route=%2Fwp%2Fv2%2Fmedia&parent=31484"}],"wp:term":[{"taxonomy":"category","embeddable":true,"href":"https:\/\/2horizontes.com\/index.php?rest_route=%2Fwp%2Fv2%2Fcategories&post=31484"},{"taxonomy":"post_tag","embeddable":true,"href":"https:\/\/2horizontes.com\/index.php?rest_route=%2Fwp%2Fv2%2Ftags&post=31484"}],"curies":[{"name":"wp","href":"https:\/\/api.w.org\/{rel}","templated":true}]}}