{"id":31468,"date":"2015-11-06T03:39:05","date_gmt":"2015-11-06T02:39:05","guid":{"rendered":"http:\/\/2horizontes.com\/?p=31468"},"modified":"2015-11-06T03:39:05","modified_gmt":"2015-11-06T02:39:05","slug":"familiares-de-paciente-agreden-con-armas-blancas-a-personal-medico-del-dario-contreras-rd","status":"publish","type":"post","link":"https:\/\/2horizontes.com\/?p=31468","title":{"rendered":"Familiares de paciente agreden con armas blancas a personal m\u00e9dico del Dar\u00edo Contreras  RD"},"content":{"rendered":"<p>RD- SANTO DOMINGO-El Hospital Docente Universitario\u00a0Dr. Dar\u00edo Contreras\u00a0inform\u00f3 que la intervenci\u00f3n oportuna de su equipo de seguridad logr\u00f3 evitar un incidente generado por los familiares de un paciente que era atendido la tarde de este jueves, en la emergencia del centro.<\/p>\n<p>En un nota de prensa, el hospital explic\u00f3 que el teniente coronel, Ram\u00f3n And\u00fajar y el mayor Cristino Jim\u00e9nez intervinieron cuando cinco personas, tres hombres y dos mujeres, entre ellos el herido, provenientes del barrio 27 de Febrero, del Distrito Nacional, intentaron agredir a los m\u00e9dicos y enfermeras en la emergencia.<\/p>\n<p>El incidente se produjo cuando los m\u00e9dicos y enfermeras atend\u00edan a un hombre herido en el brazo y las personas que le acompa\u00f1aban, con armas blancas, intentaron agredir al personal de salud, alegando inconformidad con la atenci\u00f3n del centro de salud.<\/p>\n<p>Ante los hechos, el director del hospital, Jos\u00e9 Aponte, y la administradora, Rosana Marte, instruyeron reforzar la seguridad del centro de salud.<\/p>\n<p>Dijeron que esta medida busca proteger al personal de salud y a los mismos pacientes, de salir agredidos por personas que incursionan de manera violenta al recinto hospitalario.<\/p>\n<p>En nota emitida por el departamento de prensa del hospital, las autoridades afirman que \u201ccon esta acci\u00f3n enviamos un claro mensaje de que el desorden es inaceptable, pues se trata de un espacio para curar a las personas, no para lastimarlas, como pretend\u00edan estas personas\u201d.<\/p>\n<p>Expresaron que la medida de protecci\u00f3n es permanente y que los agentes del orden estar\u00e1n las 24 horas dando servicios en las principales puertas y evitando que vuelvan a ocurrir alg\u00fan incidente.<\/p>\n<p>&nbsp;<\/p>\n","protected":false},"excerpt":{"rendered":"<p>RD- SANTO DOMINGO-El Hospital Docente Universitario\u00a0Dr. Dar\u00edo Contreras\u00a0inform\u00f3 que la intervenci\u00f3n oportuna de su equipo de seguridad logr\u00f3 evitar un incidente generado por los familiares de un paciente que era atendido la tarde de este jueves, en la emergencia del centro. En un nota de prensa, el hospital explic\u00f3 que el teniente coronel, Ram\u00f3n And\u00fajar [&hellip;]<\/p>\n","protected":false},"author":8,"featured_media":31470,"comment_status":"open","ping_status":"open","sticky":false,"template":"","format":"standard","meta":{"footnotes":""},"categories":[44,45],"tags":[],"class_list":["post-31468","post","type-post","status-publish","format-standard","has-post-thumbnail","hentry","category-republica-dominicana","category-salud"],"_links":{"self":[{"href":"https:\/\/2horizontes.com\/index.php?rest_route=\/wp\/v2\/posts\/31468","targetHints":{"allow":["GET"]}}],"collection":[{"href":"https:\/\/2horizontes.com\/index.php?rest_route=\/wp\/v2\/posts"}],"about":[{"href":"https:\/\/2horizontes.com\/index.php?rest_route=\/wp\/v2\/types\/post"}],"author":[{"embeddable":true,"href":"https:\/\/2horizontes.com\/index.php?rest_route=\/wp\/v2\/users\/8"}],"replies":[{"embeddable":true,"href":"https:\/\/2horizontes.com\/index.php?rest_route=%2Fwp%2Fv2%2Fcomments&post=31468"}],"version-history":[{"count":1,"href":"https:\/\/2horizontes.com\/index.php?rest_route=\/wp\/v2\/posts\/31468\/revisions"}],"predecessor-version":[{"id":31471,"href":"https:\/\/2horizontes.com\/index.php?rest_route=\/wp\/v2\/posts\/31468\/revisions\/31471"}],"wp:featuredmedia":[{"embeddable":true,"href":"https:\/\/2horizontes.com\/index.php?rest_route=\/wp\/v2\/media\/31470"}],"wp:attachment":[{"href":"https:\/\/2horizontes.com\/index.php?rest_route=%2Fwp%2Fv2%2Fmedia&parent=31468"}],"wp:term":[{"taxonomy":"category","embeddable":true,"href":"https:\/\/2horizontes.com\/index.php?rest_route=%2Fwp%2Fv2%2Fcategories&post=31468"},{"taxonomy":"post_tag","embeddable":true,"href":"https:\/\/2horizontes.com\/index.php?rest_route=%2Fwp%2Fv2%2Ftags&post=31468"}],"curies":[{"name":"wp","href":"https:\/\/api.w.org\/{rel}","templated":true}]}}