{"id":31461,"date":"2015-11-05T19:36:32","date_gmt":"2015-11-05T18:36:32","guid":{"rendered":"http:\/\/2horizontes.com\/?p=31461"},"modified":"2015-11-05T19:36:32","modified_gmt":"2015-11-05T18:36:32","slug":"anciano-de-87-anos-se-cae-muerto-mientras-caminaba-en-la-tirandentes-rd","status":"publish","type":"post","link":"https:\/\/2horizontes.com\/?p=31461","title":{"rendered":"Anciano de 87 a\u00f1os se cae muerto mientras caminaba en la Tirandentes RD"},"content":{"rendered":"<p>RD- SANTO DOMINGO-Un se\u00f1or de 87 a\u00f1os muri\u00f3 la ma\u00f1ana de este jueves cuando transitaba por la avenida Tiradentes del ensanche La Fe. Se presume que su muerte se trat\u00f3 de un infarto.<\/p>\n<p>\u00a1Ay Dios m\u00edo, ay Dios m\u00edo!, fueron las \u00faltimas palabras de Federico P\u00e9rez, quien caminaba en direcci\u00f3n sur-norte y que, seg\u00fan testigos, se sinti\u00f3 un poco mareado y se recost\u00f3 de la pared que bordea el estadio Quisqueya.<\/p>\n<p>El se\u00f1or viste una camisa a rayas azul y blanco, pantal\u00f3n azul oscuro, medias y gorra negras. Adem\u00e1s tiene un reloj y en su mano portaba una funda negra.<\/p>\n<div>\n<p>En una de sus manos fue encontrada un acta de nacimiento del caballero que indica que naci\u00f3 en Cotu\u00ed, en junio 1928. Tambi\u00e9n llevaba consigo una c\u00e9dula, mil pesos y dos tarjetas de d\u00e9bitos<\/p>\n<p>De acuerdo con sus documentos, el anciano resid\u00eda en la calle Fantino, n\u00famero 24 de Cotu\u00ed y era ingeniero.<\/p>\n<p>Al lugar se presentaron agentes de la Polic\u00eda Nacional, del Sistema Nacional de Emergencias 911 y la m\u00e9dico legista Magdalena P\u00e9rez. Adem\u00e1s el fiscal Wanner Robles.<\/p>\n<\/div>\n<p>&nbsp;<\/p>\n","protected":false},"excerpt":{"rendered":"<p>RD- SANTO DOMINGO-Un se\u00f1or de 87 a\u00f1os muri\u00f3 la ma\u00f1ana de este jueves cuando transitaba por la avenida Tiradentes del ensanche La Fe. Se presume que su muerte se trat\u00f3 de un infarto. \u00a1Ay Dios m\u00edo, ay Dios m\u00edo!, fueron las \u00faltimas palabras de Federico P\u00e9rez, quien caminaba en direcci\u00f3n sur-norte y que, seg\u00fan testigos, [&hellip;]<\/p>\n","protected":false},"author":8,"featured_media":31462,"comment_status":"open","ping_status":"open","sticky":false,"template":"","format":"standard","meta":{"footnotes":""},"categories":[44],"tags":[],"class_list":["post-31461","post","type-post","status-publish","format-standard","has-post-thumbnail","hentry","category-republica-dominicana"],"_links":{"self":[{"href":"https:\/\/2horizontes.com\/index.php?rest_route=\/wp\/v2\/posts\/31461","targetHints":{"allow":["GET"]}}],"collection":[{"href":"https:\/\/2horizontes.com\/index.php?rest_route=\/wp\/v2\/posts"}],"about":[{"href":"https:\/\/2horizontes.com\/index.php?rest_route=\/wp\/v2\/types\/post"}],"author":[{"embeddable":true,"href":"https:\/\/2horizontes.com\/index.php?rest_route=\/wp\/v2\/users\/8"}],"replies":[{"embeddable":true,"href":"https:\/\/2horizontes.com\/index.php?rest_route=%2Fwp%2Fv2%2Fcomments&post=31461"}],"version-history":[{"count":1,"href":"https:\/\/2horizontes.com\/index.php?rest_route=\/wp\/v2\/posts\/31461\/revisions"}],"predecessor-version":[{"id":31463,"href":"https:\/\/2horizontes.com\/index.php?rest_route=\/wp\/v2\/posts\/31461\/revisions\/31463"}],"wp:featuredmedia":[{"embeddable":true,"href":"https:\/\/2horizontes.com\/index.php?rest_route=\/wp\/v2\/media\/31462"}],"wp:attachment":[{"href":"https:\/\/2horizontes.com\/index.php?rest_route=%2Fwp%2Fv2%2Fmedia&parent=31461"}],"wp:term":[{"taxonomy":"category","embeddable":true,"href":"https:\/\/2horizontes.com\/index.php?rest_route=%2Fwp%2Fv2%2Fcategories&post=31461"},{"taxonomy":"post_tag","embeddable":true,"href":"https:\/\/2horizontes.com\/index.php?rest_route=%2Fwp%2Fv2%2Ftags&post=31461"}],"curies":[{"name":"wp","href":"https:\/\/api.w.org\/{rel}","templated":true}]}}