{"id":3146,"date":"2015-01-13T21:22:09","date_gmt":"2015-01-13T21:22:09","guid":{"rendered":"http:\/\/2horizontes.com\/?p=3146"},"modified":"2015-01-13T21:22:09","modified_gmt":"2015-01-13T21:22:09","slug":"detienen-fiscal-adjunto-ligado-al-robo-de-mil-200-kilos-de-cocaina-en-el-dican","status":"publish","type":"post","link":"https:\/\/2horizontes.com\/?p=3146","title":{"rendered":"Detienen fiscal adjunto ligado al robo de mil 200 kilos de coca\u00edna en el Dican"},"content":{"rendered":"<p><a href=\"http:\/\/2horizontes.com\/wp-content\/uploads\/2015\/01\/io.jpg\"><img loading=\"lazy\" decoding=\"async\" src=\"http:\/\/2horizontes.com\/wp-content\/uploads\/2015\/01\/io-300x199.jpg\" alt=\"io\" width=\"300\" height=\"199\" class=\"alignleft size-medium wp-image-3147\" srcset=\"https:\/\/2horizontes.com\/wp-content\/uploads\/2015\/01\/io-300x199.jpg 300w, https:\/\/2horizontes.com\/wp-content\/uploads\/2015\/01\/io-510x338.jpg 510w, https:\/\/2horizontes.com\/wp-content\/uploads\/2015\/01\/io.jpg 620w\" sizes=\"auto, (max-width: 300px) 100vw, 300px\" \/><\/a><\/p>\n<p>SANTO DOMINGO.- Fue apresado la ma\u00f1ana de este martes uno de dos fiscales adjuntos investigados por el robo de mil 200 kilos de coca\u00edna incautados por la Direcci\u00f3n Central Antinarc\u00f3ticos de la Polic\u00eda (Dican) en el ensanche Isabelita.<\/p>\n<p>La detenci\u00f3n de Ram\u00f3n Veras, fiscal de la provincia Santo Domingo, se llev\u00f3 a cabo tras haber sido interrogado por investigadores de la Procuradur\u00eda General de la Rep\u00fablica.<\/p>\n<p>Las autoridades tambi\u00e9n habr\u00edan apresado a un coronel de la Polic\u00eda, seg\u00fan informes pendientes de confirmaci\u00f3n.<\/p>\n<p>La comisi\u00f3n especial que investiga el robo interroga, adem\u00e1s, a Carlos Fern\u00e1ndez Valerio, exdirector del Dican, y al fiscal M\u00e1ximo D\u00edaz.<\/p>\n<p>El interrogatorio se lleva a cabo en la sede de la Procuradur\u00eda General de la Rep\u00fablica y lo encabeza el procurador adjunto Bol\u00edvar S\u00e1nchez.<\/p>\n","protected":false},"excerpt":{"rendered":"<p>SANTO DOMINGO.- Fue apresado la ma\u00f1ana de este martes uno de dos fiscales adjuntos investigados por el robo de mil 200 kilos de coca\u00edna incautados por la Direcci\u00f3n Central Antinarc\u00f3ticos de la Polic\u00eda (Dican) en el ensanche Isabelita. La detenci\u00f3n de Ram\u00f3n Veras, fiscal de la provincia Santo Domingo, se llev\u00f3 a cabo tras haber [&hellip;]<\/p>\n","protected":false},"author":1,"featured_media":0,"comment_status":"open","ping_status":"open","sticky":false,"template":"","format":"standard","meta":{"footnotes":""},"categories":[1],"tags":[],"class_list":["post-3146","post","type-post","status-publish","format-standard","hentry","category-entretenimiento"],"_links":{"self":[{"href":"https:\/\/2horizontes.com\/index.php?rest_route=\/wp\/v2\/posts\/3146","targetHints":{"allow":["GET"]}}],"collection":[{"href":"https:\/\/2horizontes.com\/index.php?rest_route=\/wp\/v2\/posts"}],"about":[{"href":"https:\/\/2horizontes.com\/index.php?rest_route=\/wp\/v2\/types\/post"}],"author":[{"embeddable":true,"href":"https:\/\/2horizontes.com\/index.php?rest_route=\/wp\/v2\/users\/1"}],"replies":[{"embeddable":true,"href":"https:\/\/2horizontes.com\/index.php?rest_route=%2Fwp%2Fv2%2Fcomments&post=3146"}],"version-history":[{"count":1,"href":"https:\/\/2horizontes.com\/index.php?rest_route=\/wp\/v2\/posts\/3146\/revisions"}],"predecessor-version":[{"id":3148,"href":"https:\/\/2horizontes.com\/index.php?rest_route=\/wp\/v2\/posts\/3146\/revisions\/3148"}],"wp:attachment":[{"href":"https:\/\/2horizontes.com\/index.php?rest_route=%2Fwp%2Fv2%2Fmedia&parent=3146"}],"wp:term":[{"taxonomy":"category","embeddable":true,"href":"https:\/\/2horizontes.com\/index.php?rest_route=%2Fwp%2Fv2%2Fcategories&post=3146"},{"taxonomy":"post_tag","embeddable":true,"href":"https:\/\/2horizontes.com\/index.php?rest_route=%2Fwp%2Fv2%2Ftags&post=3146"}],"curies":[{"name":"wp","href":"https:\/\/api.w.org\/{rel}","templated":true}]}}