{"id":31454,"date":"2015-11-05T19:22:25","date_gmt":"2015-11-05T18:22:25","guid":{"rendered":"http:\/\/2horizontes.com\/?p=31454"},"modified":"2015-11-05T19:22:25","modified_gmt":"2015-11-05T18:22:25","slug":"matan-a-tiros-a-haitiano-para-robarle-motor-iba-acompanado-de-su-esposa-rd","status":"publish","type":"post","link":"https:\/\/2horizontes.com\/?p=31454","title":{"rendered":"Matan a tiros a haitiano Para robarle motor; iba acompa\u00f1ado de su esposa RD"},"content":{"rendered":"<p>RD-MONTECRISTI-Un nacional haitiano fue ultimado de dos disparos al resistirse ser atracado por cuatro sujetos en el sector La Recta de Sanita, del distrito municipal Palo Verde, en la provincia Montecristi, \u00a0inform\u00f3 hoy la Direcci\u00f3n Regional Noroeste de la Polic\u00eda con sede en esta ciudad.<\/p>\n<p>El inmigrante fallecido fue identificado por las autoridades como Dany Jacques, de 32 a\u00f1os de edad, quien resid\u00eda en el sector Maguaca del municipio \u00a0Las Matas de Santa Cruz.<\/p>\n<p>La m\u00e9dico legista, Rosibel Grull\u00f3n, certific\u00f3 que el extranjero falleci\u00f3 a consecuencia de heridas por arma de fuego en la mejilla derecha.<\/p>\n<p>La haitiana Hermania Fransu\u00e1 Jean, de 30 a\u00f1os, pareja sentimental del hoy occiso, dijo a la Polic\u00eda Nacional que ambos se trasladaban por la calle principal de La Recta de Sanita a bordo de la motocicleta marca X-1000, modelo CG-150, color rojo, y que fueron interceptados por unos tales Ruddy, Yari, Javier y otro sujeto m\u00e1s.<\/p>\n<p>Indic\u00f3 que al resistirse a ser despojados de sus pertenencias, el hombre identificado como Javier le dispar\u00f3 dos veces, y que luego huyeron del lugar debido a que se acerc\u00f3 un cami\u00f3n.<\/p>\n<p>La Polic\u00eda inform\u00f3 que se persigue a los cuatro sujetos se\u00f1alados como los presuntos autores del hecho.<\/p>\n<p>&nbsp;<\/p>\n","protected":false},"excerpt":{"rendered":"<p>RD-MONTECRISTI-Un nacional haitiano fue ultimado de dos disparos al resistirse ser atracado por cuatro sujetos en el sector La Recta de Sanita, del distrito municipal Palo Verde, en la provincia Montecristi, \u00a0inform\u00f3 hoy la Direcci\u00f3n Regional Noroeste de la Polic\u00eda con sede en esta ciudad. El inmigrante fallecido fue identificado por las autoridades como Dany [&hellip;]<\/p>\n","protected":false},"author":8,"featured_media":31455,"comment_status":"open","ping_status":"open","sticky":false,"template":"","format":"standard","meta":{"footnotes":""},"categories":[53,44],"tags":[],"class_list":["post-31454","post","type-post","status-publish","format-standard","has-post-thumbnail","hentry","category-provincias","category-republica-dominicana"],"_links":{"self":[{"href":"https:\/\/2horizontes.com\/index.php?rest_route=\/wp\/v2\/posts\/31454","targetHints":{"allow":["GET"]}}],"collection":[{"href":"https:\/\/2horizontes.com\/index.php?rest_route=\/wp\/v2\/posts"}],"about":[{"href":"https:\/\/2horizontes.com\/index.php?rest_route=\/wp\/v2\/types\/post"}],"author":[{"embeddable":true,"href":"https:\/\/2horizontes.com\/index.php?rest_route=\/wp\/v2\/users\/8"}],"replies":[{"embeddable":true,"href":"https:\/\/2horizontes.com\/index.php?rest_route=%2Fwp%2Fv2%2Fcomments&post=31454"}],"version-history":[{"count":1,"href":"https:\/\/2horizontes.com\/index.php?rest_route=\/wp\/v2\/posts\/31454\/revisions"}],"predecessor-version":[{"id":31456,"href":"https:\/\/2horizontes.com\/index.php?rest_route=\/wp\/v2\/posts\/31454\/revisions\/31456"}],"wp:featuredmedia":[{"embeddable":true,"href":"https:\/\/2horizontes.com\/index.php?rest_route=\/wp\/v2\/media\/31455"}],"wp:attachment":[{"href":"https:\/\/2horizontes.com\/index.php?rest_route=%2Fwp%2Fv2%2Fmedia&parent=31454"}],"wp:term":[{"taxonomy":"category","embeddable":true,"href":"https:\/\/2horizontes.com\/index.php?rest_route=%2Fwp%2Fv2%2Fcategories&post=31454"},{"taxonomy":"post_tag","embeddable":true,"href":"https:\/\/2horizontes.com\/index.php?rest_route=%2Fwp%2Fv2%2Ftags&post=31454"}],"curies":[{"name":"wp","href":"https:\/\/api.w.org\/{rel}","templated":true}]}}