{"id":31448,"date":"2015-11-05T17:32:05","date_gmt":"2015-11-05T16:32:05","guid":{"rendered":"http:\/\/2horizontes.com\/?p=31448"},"modified":"2015-11-05T17:32:05","modified_gmt":"2015-11-05T16:32:05","slug":"las-luces-de-navidad-se-encenderan-en-madrid-el-27-de-noviembre","status":"publish","type":"post","link":"https:\/\/2horizontes.com\/?p=31448","title":{"rendered":"Las luces de Navidad se encender\u00e1n en Madrid el 27 de noviembre"},"content":{"rendered":"<p>Las luces de Navidad se encender\u00e1n en Madrid el 27 de noviembre y tendr\u00e1n como novedad que la iluminaci\u00f3n se ampliar\u00e1 una hora, excepto los d\u00edas singulares, que ya tienen un horario ampliado, ha informado el Ayuntamiento de Madrid.<\/p>\n<p>El mismo d\u00eda y en todo Madrid, sin distinci\u00f3n de distritos. Finalmente el Ayuntamento ha decidido que el encendido de las luces de Navidad se ael pr\u00f3ximo 27 de noviembre, el \u00faltimo vienres de este mes, como siempre ha sido habitual.<\/p>\n<p>Las luces se encender\u00e1n todos los d\u00edas a las 18 horas. Domingos, lunes, martes y mi\u00e9rcoles permanecer\u00e1n hasta las 23 , en lugar de hasta las 22 horas, y los jueves, viernes, s\u00e1bados y v\u00edsperas de festivo hasta la medianoche, frente a las 23 horas del pasado a\u00f1o.<\/p>\n<p>El d\u00eda 25 de diciembre y los d\u00edas 1 y 6 de enero el alumbrado permanecer\u00e1 de 18 a 24 horas; el 24 de diciembre y el 5 de enero, estar\u00e1 de 18 a 3 horas y, finalmente, el d\u00eda 31, lucir\u00e1 de 18 a 6 horas.<\/p>\n<p>LA MODA EN LA ILUMINACION<\/p>\n<p>Modistos, arquitectos y dise\u00f1adores gr\u00e1ficos como Angel Schlesser, Ana Locking, Teresa Sapey, Purificaci\u00f3n Garc\u00eda, Hannibal Laguna, Ben Busche, Roberto Tur\u00e9gano, Victorio &amp; Luchino, Adolfo Dom\u00ednguez y Sergio Sebasti\u00e1n participar\u00e1n con sus dise\u00f1os en la iluminaci\u00f3n navide\u00f1a un a\u00f1o m\u00e1s.<\/p>\n<p>Al igual que el a\u00f1o pasado, se establece un circuito municipal, que incluye alumbrado ornamental de dise\u00f1o en calles y plazas, cadenetas y cerezos, y elementos patrocinados de acuerdo con el programa municipal de patrocinios, incluye abetos de alumbrado ornamental.<\/p>\n<p>Adem\u00e1s de las tradicionales luces y cadenetas que iluminar\u00e1n \u00e1rboles y espacios p\u00fablicos, los cerezos en flor volver\u00e1n a dar luz en distintos puntos de Madrid, como la Glorieta de Carlos V, la Ciudad de los Ni\u00f1os en Conde Duque y en el entorno de las juntas de distrito.<\/p>\n<p>DUDAS SOBRE EL BEL\u00c9N DE CIBELES, PERO PROMETEN \u00abMUCH\u00cdSIMOS BELENES\u00bb EN NAVIDAD<\/p>\n<p>Una vez desvelada la fecha del encendido, queda saber si habr\u00e1 bel\u00e9n en el Palacio de Cibeles.<\/p>\n<p>Tal y como adelant\u00f3 la Asociaci\u00f3n de Belenistas a Telemadrid, la intenci\u00f3n del Ayuntamiento -en un primer momento- era que no hubiera bel\u00e9n ni en Cibeles ni en la Plaza Mayor.<\/p>\n<p>Ahora el gobierno municipal asegura que est\u00e1n estudiando a\u00fan las ubicaciones de los belenes. Hasta mediados de noviembre no sabremos d\u00f3nde se visitar\u00e1n los belenes.<\/p>\n<p>La portavoz del Gobierno municipal de Madrid, Rita Maestre, prometi\u00f3 hoy que en las pr\u00f3ximas navidades se instalar\u00e1n en la ciudad \u00abmuch\u00edsimos belenes\u00bb, adem\u00e1s de organizarse otras actividades, pese al \u00abp\u00e1nico infundado\u00bb que se ha creado en torno a las intenciones del nuevo Ejecutivo local en esta materia.<\/p>\n<p>Hay un p\u00e1nico infundado en torno a la Navidad\u00bb, coment\u00f3 con cierta sorna.<\/p>\n","protected":false},"excerpt":{"rendered":"<p>Las luces de Navidad se encender\u00e1n en Madrid el 27 de noviembre y tendr\u00e1n como novedad que la iluminaci\u00f3n se ampliar\u00e1 una hora, excepto los d\u00edas singulares, que ya tienen un horario ampliado, ha informado el Ayuntamiento de Madrid. El mismo d\u00eda y en todo Madrid, sin distinci\u00f3n de distritos. Finalmente el Ayuntamento ha decidido [&hellip;]<\/p>\n","protected":false},"author":3,"featured_media":31449,"comment_status":"open","ping_status":"open","sticky":false,"template":"","format":"standard","meta":{"footnotes":""},"categories":[1,85],"tags":[],"class_list":["post-31448","post","type-post","status-publish","format-standard","has-post-thumbnail","hentry","category-entretenimiento","category-espana"],"_links":{"self":[{"href":"https:\/\/2horizontes.com\/index.php?rest_route=\/wp\/v2\/posts\/31448","targetHints":{"allow":["GET"]}}],"collection":[{"href":"https:\/\/2horizontes.com\/index.php?rest_route=\/wp\/v2\/posts"}],"about":[{"href":"https:\/\/2horizontes.com\/index.php?rest_route=\/wp\/v2\/types\/post"}],"author":[{"embeddable":true,"href":"https:\/\/2horizontes.com\/index.php?rest_route=\/wp\/v2\/users\/3"}],"replies":[{"embeddable":true,"href":"https:\/\/2horizontes.com\/index.php?rest_route=%2Fwp%2Fv2%2Fcomments&post=31448"}],"version-history":[{"count":1,"href":"https:\/\/2horizontes.com\/index.php?rest_route=\/wp\/v2\/posts\/31448\/revisions"}],"predecessor-version":[{"id":31450,"href":"https:\/\/2horizontes.com\/index.php?rest_route=\/wp\/v2\/posts\/31448\/revisions\/31450"}],"wp:featuredmedia":[{"embeddable":true,"href":"https:\/\/2horizontes.com\/index.php?rest_route=\/wp\/v2\/media\/31449"}],"wp:attachment":[{"href":"https:\/\/2horizontes.com\/index.php?rest_route=%2Fwp%2Fv2%2Fmedia&parent=31448"}],"wp:term":[{"taxonomy":"category","embeddable":true,"href":"https:\/\/2horizontes.com\/index.php?rest_route=%2Fwp%2Fv2%2Fcategories&post=31448"},{"taxonomy":"post_tag","embeddable":true,"href":"https:\/\/2horizontes.com\/index.php?rest_route=%2Fwp%2Fv2%2Ftags&post=31448"}],"curies":[{"name":"wp","href":"https:\/\/api.w.org\/{rel}","templated":true}]}}