{"id":31431,"date":"2015-11-05T14:52:57","date_gmt":"2015-11-05T13:52:57","guid":{"rendered":"http:\/\/2horizontes.com\/?p=31431"},"modified":"2015-11-05T14:52:57","modified_gmt":"2015-11-05T13:52:57","slug":"proponen-demoler-carcel-la-victoria-rd","status":"publish","type":"post","link":"https:\/\/2horizontes.com\/?p=31431","title":{"rendered":"Proponen demoler c\u00e1rcel La Victoria RD"},"content":{"rendered":"<p>RD- SANTO DOMINGO-La C\u00e1mara de Diputados conoci\u00f3 ayer una propuesta para demoler la penitenciar\u00eda nacional La Victoria, bajo el argumento de que ya cumpli\u00f3 con su raz\u00f3n de ser y en ella los reclusos se encuentran en condiciones infrahumanas.<\/p>\n<p>Por tal motivo el Bloque de Diputados del Partido de la Liberaci\u00f3n Dominicana (PLD) escuch\u00f3 al director del nuevo modelo penitenciario, Ismael Paniagua, y el subdirector de Prisiones, F\u00e9lix Pe\u00f1a. La propuesta es autor\u00eda del vocero de los diputados pelede\u00edstas, Elpidio B\u00e1ez. Paniagua favoreci\u00f3 la iniciativa del vocero del PLD, por considerar que con la demolici\u00f3n de la c\u00e1rcel La Victoria se recobrar\u00eda la equidad, la justicia, la inclusi\u00f3n social y sobre todo se conseguir\u00eda una baja en la delincuencia en el pa\u00eds. Entretanto, B\u00e1ez explic\u00f3 que el esp\u00edritu de la resoluci\u00f3n es rescatar la dignidad humana, ya que en esa c\u00e1rcel el ser humano es degradado a su m\u00e1xima expresi\u00f3n.<\/p>\n<p>\u201cEs imposible que una c\u00e1rcel con capacidad para tres mil internos como La Victoria en la actualidad tenga ocho mil y la mayor\u00eda como presos preventivos que aguardan prisi\u00f3n por no poder pagar una multa\u201d, indic\u00f3. El subdirector de Prisiones dijo que favorece el traslado de los internos, aunque reconoce que es un proyecto muy costoso que necesitar\u00e1 importantes esfuerzos.<\/p>\n<p>Adalgisa Pujols, presidenta de la Comisi\u00f3n de Ministerio P\u00fablico de la C\u00e1mara, explic\u00f3 que con la reuni\u00f3n de los distintos sectores se busca consensuar los procedimientos necesarios que se deban implementar para poder hacer efectiva la propuesta de demolici\u00f3n de la c\u00e1rcel.<\/p>\n","protected":false},"excerpt":{"rendered":"<p>RD- SANTO DOMINGO-La C\u00e1mara de Diputados conoci\u00f3 ayer una propuesta para demoler la penitenciar\u00eda nacional La Victoria, bajo el argumento de que ya cumpli\u00f3 con su raz\u00f3n de ser y en ella los reclusos se encuentran en condiciones infrahumanas. Por tal motivo el Bloque de Diputados del Partido de la Liberaci\u00f3n Dominicana (PLD) escuch\u00f3 al [&hellip;]<\/p>\n","protected":false},"author":8,"featured_media":31432,"comment_status":"open","ping_status":"open","sticky":false,"template":"","format":"standard","meta":{"footnotes":""},"categories":[43,44],"tags":[],"class_list":["post-31431","post","type-post","status-publish","format-standard","has-post-thumbnail","hentry","category-politica","category-republica-dominicana"],"_links":{"self":[{"href":"https:\/\/2horizontes.com\/index.php?rest_route=\/wp\/v2\/posts\/31431","targetHints":{"allow":["GET"]}}],"collection":[{"href":"https:\/\/2horizontes.com\/index.php?rest_route=\/wp\/v2\/posts"}],"about":[{"href":"https:\/\/2horizontes.com\/index.php?rest_route=\/wp\/v2\/types\/post"}],"author":[{"embeddable":true,"href":"https:\/\/2horizontes.com\/index.php?rest_route=\/wp\/v2\/users\/8"}],"replies":[{"embeddable":true,"href":"https:\/\/2horizontes.com\/index.php?rest_route=%2Fwp%2Fv2%2Fcomments&post=31431"}],"version-history":[{"count":1,"href":"https:\/\/2horizontes.com\/index.php?rest_route=\/wp\/v2\/posts\/31431\/revisions"}],"predecessor-version":[{"id":31433,"href":"https:\/\/2horizontes.com\/index.php?rest_route=\/wp\/v2\/posts\/31431\/revisions\/31433"}],"wp:featuredmedia":[{"embeddable":true,"href":"https:\/\/2horizontes.com\/index.php?rest_route=\/wp\/v2\/media\/31432"}],"wp:attachment":[{"href":"https:\/\/2horizontes.com\/index.php?rest_route=%2Fwp%2Fv2%2Fmedia&parent=31431"}],"wp:term":[{"taxonomy":"category","embeddable":true,"href":"https:\/\/2horizontes.com\/index.php?rest_route=%2Fwp%2Fv2%2Fcategories&post=31431"},{"taxonomy":"post_tag","embeddable":true,"href":"https:\/\/2horizontes.com\/index.php?rest_route=%2Fwp%2Fv2%2Ftags&post=31431"}],"curies":[{"name":"wp","href":"https:\/\/api.w.org\/{rel}","templated":true}]}}