{"id":31428,"date":"2015-11-05T14:30:33","date_gmt":"2015-11-05T13:30:33","guid":{"rendered":"http:\/\/2horizontes.com\/?p=31428"},"modified":"2015-11-05T14:30:33","modified_gmt":"2015-11-05T13:30:33","slug":"gobernadora-de-santiago-alega-desigualdad-y-declina-sus-aspiraciones-a-la-alcaldia-rd","status":"publish","type":"post","link":"https:\/\/2horizontes.com\/?p=31428","title":{"rendered":"Gobernadora de Santiago alega desigualdad y declina sus aspiraciones a la Alcald\u00eda RD"},"content":{"rendered":"<p>RD- SANTIAGO-La ingeniera Aura Toribio, gobernadora de Santiago, declin\u00f3 ayer sus aspiraciones de ser la candidata del Partido de la Liberaci\u00f3n Dominicana (PLD), a la Alcald\u00eda de esa provincia, alegando desigualdad en t\u00e9rminos econ\u00f3micos que impera en la competencia.<\/p>\n<p>Mediante su cuenta de Twitter, @AuraToribio,\u00a0 dijo ser soldado del presidenteDanilo Medina, \u00a0a quien agradeci\u00f3 su aprendizaje en materia pol\u00edtica.<\/p>\n<p>\u201cSoy soldado del presidente @DaniloMedina a quien agradezco mi aprendizaje en materia pol\u00edtica\u201d, dijo la funcionaria en uno de sus twist.<\/p>\n<p>Toribio agradeci\u00f3 el apoyo que recibi\u00f3 de cada santiaguero en su proyecto.<\/p>\n","protected":false},"excerpt":{"rendered":"<p>RD- SANTIAGO-La ingeniera Aura Toribio, gobernadora de Santiago, declin\u00f3 ayer sus aspiraciones de ser la candidata del Partido de la Liberaci\u00f3n Dominicana (PLD), a la Alcald\u00eda de esa provincia, alegando desigualdad en t\u00e9rminos econ\u00f3micos que impera en la competencia. Mediante su cuenta de Twitter, @AuraToribio,\u00a0 dijo ser soldado del presidenteDanilo Medina, \u00a0a quien agradeci\u00f3 su [&hellip;]<\/p>\n","protected":false},"author":8,"featured_media":31429,"comment_status":"open","ping_status":"open","sticky":false,"template":"","format":"standard","meta":{"footnotes":""},"categories":[53,44],"tags":[],"class_list":["post-31428","post","type-post","status-publish","format-standard","has-post-thumbnail","hentry","category-provincias","category-republica-dominicana"],"_links":{"self":[{"href":"https:\/\/2horizontes.com\/index.php?rest_route=\/wp\/v2\/posts\/31428","targetHints":{"allow":["GET"]}}],"collection":[{"href":"https:\/\/2horizontes.com\/index.php?rest_route=\/wp\/v2\/posts"}],"about":[{"href":"https:\/\/2horizontes.com\/index.php?rest_route=\/wp\/v2\/types\/post"}],"author":[{"embeddable":true,"href":"https:\/\/2horizontes.com\/index.php?rest_route=\/wp\/v2\/users\/8"}],"replies":[{"embeddable":true,"href":"https:\/\/2horizontes.com\/index.php?rest_route=%2Fwp%2Fv2%2Fcomments&post=31428"}],"version-history":[{"count":1,"href":"https:\/\/2horizontes.com\/index.php?rest_route=\/wp\/v2\/posts\/31428\/revisions"}],"predecessor-version":[{"id":31430,"href":"https:\/\/2horizontes.com\/index.php?rest_route=\/wp\/v2\/posts\/31428\/revisions\/31430"}],"wp:featuredmedia":[{"embeddable":true,"href":"https:\/\/2horizontes.com\/index.php?rest_route=\/wp\/v2\/media\/31429"}],"wp:attachment":[{"href":"https:\/\/2horizontes.com\/index.php?rest_route=%2Fwp%2Fv2%2Fmedia&parent=31428"}],"wp:term":[{"taxonomy":"category","embeddable":true,"href":"https:\/\/2horizontes.com\/index.php?rest_route=%2Fwp%2Fv2%2Fcategories&post=31428"},{"taxonomy":"post_tag","embeddable":true,"href":"https:\/\/2horizontes.com\/index.php?rest_route=%2Fwp%2Fv2%2Ftags&post=31428"}],"curies":[{"name":"wp","href":"https:\/\/api.w.org\/{rel}","templated":true}]}}