{"id":31364,"date":"2015-11-05T11:26:39","date_gmt":"2015-11-05T10:26:39","guid":{"rendered":"http:\/\/2horizontes.com\/?p=31364"},"modified":"2015-11-05T11:27:15","modified_gmt":"2015-11-05T10:27:15","slug":"valentino-rossi-y-marc-marquez-llenan-los-hoteles-de-valencia-en-el-gran-premio-de-motogp","status":"publish","type":"post","link":"https:\/\/2horizontes.com\/?p=31364","title":{"rendered":"Valentino Rossi y Marc M\u00e1rquez llenan los hoteles de Valencia en el Gran Premio de MotoGP"},"content":{"rendered":"<hr \/>\n<p>Barcelona. (Redacci\u00f3n).- La pol\u00e9mica de las \u00faltimas semanas entre Valentino Rossi y Marc M\u00e1rquez parece haber incrementado el inter\u00e9s de los aficionados por asistir a la final del Gran Premio de MotoGP que se disputa este fin de semana en el Circuito Ricardo Tormo de Cheste. Prueba de ello es que, a las puertas del fin de semana de la prueba, los hoteles de Valencia, con un 98% de ocupaci\u00f3n, est\u00e1n a punto de colgar el cartel de completo.<\/p>\n<p>Seg\u00fan Trivago, la noche del s\u00e1bado, previa a la gran final, la capital del T\u00faria apenas cuenta con un 2% de alojamiento disponible. El viernes, jornada de entrenamientos, tambi\u00e9n registra una alta ocupaci\u00f3n hotelera, con el 92%. Acabada la competici\u00f3n, la ocupaci\u00f3n se reduce notablemente hasta un 86%.<\/p>\n<p>A pesar de que el alojamiento en Valencia est\u00e1 hasta los topes, \u00e9sta es pr\u00e1cticamente la \u00fanica opci\u00f3n, puesto que tanto Cheste como otras localidades pr\u00f3ximas al circuito como Chiva o Benisan\u00f3 ya no cuentan con habitaciones disponibles.<\/p>\n<p>Dormir en la capital valenciana estos d\u00edas es mucho m\u00e1s caro de lo habitual. El precio de una habitaci\u00f3n este fin de semana cuesta de media 183 euros, 86 euros m\u00e1s que una noche cualquiera del mes de noviembre, seg\u00fan el estudio tHPI (trivago Hotel Price Index). Para el viernes anterior todav\u00eda es posible encontrar plazas a partir de los 40 euros.<\/p>\n","protected":false},"excerpt":{"rendered":"<p>Barcelona. (Redacci\u00f3n).- La pol\u00e9mica de las \u00faltimas semanas entre Valentino Rossi y Marc M\u00e1rquez parece haber incrementado el inter\u00e9s de los aficionados por asistir a la final del Gran Premio de MotoGP que se disputa este fin de semana en el Circuito Ricardo Tormo de Cheste. Prueba de ello es que, a las puertas del [&hellip;]<\/p>\n","protected":false},"author":3,"featured_media":31365,"comment_status":"open","ping_status":"open","sticky":false,"template":"","format":"standard","meta":{"footnotes":""},"categories":[42,85],"tags":[],"class_list":["post-31364","post","type-post","status-publish","format-standard","has-post-thumbnail","hentry","category-deportes","category-espana"],"_links":{"self":[{"href":"https:\/\/2horizontes.com\/index.php?rest_route=\/wp\/v2\/posts\/31364","targetHints":{"allow":["GET"]}}],"collection":[{"href":"https:\/\/2horizontes.com\/index.php?rest_route=\/wp\/v2\/posts"}],"about":[{"href":"https:\/\/2horizontes.com\/index.php?rest_route=\/wp\/v2\/types\/post"}],"author":[{"embeddable":true,"href":"https:\/\/2horizontes.com\/index.php?rest_route=\/wp\/v2\/users\/3"}],"replies":[{"embeddable":true,"href":"https:\/\/2horizontes.com\/index.php?rest_route=%2Fwp%2Fv2%2Fcomments&post=31364"}],"version-history":[{"count":2,"href":"https:\/\/2horizontes.com\/index.php?rest_route=\/wp\/v2\/posts\/31364\/revisions"}],"predecessor-version":[{"id":31367,"href":"https:\/\/2horizontes.com\/index.php?rest_route=\/wp\/v2\/posts\/31364\/revisions\/31367"}],"wp:featuredmedia":[{"embeddable":true,"href":"https:\/\/2horizontes.com\/index.php?rest_route=\/wp\/v2\/media\/31365"}],"wp:attachment":[{"href":"https:\/\/2horizontes.com\/index.php?rest_route=%2Fwp%2Fv2%2Fmedia&parent=31364"}],"wp:term":[{"taxonomy":"category","embeddable":true,"href":"https:\/\/2horizontes.com\/index.php?rest_route=%2Fwp%2Fv2%2Fcategories&post=31364"},{"taxonomy":"post_tag","embeddable":true,"href":"https:\/\/2horizontes.com\/index.php?rest_route=%2Fwp%2Fv2%2Ftags&post=31364"}],"curies":[{"name":"wp","href":"https:\/\/api.w.org\/{rel}","templated":true}]}}