{"id":31257,"date":"2015-11-04T20:59:38","date_gmt":"2015-11-04T19:59:38","guid":{"rendered":"http:\/\/2horizontes.com\/?p=31257"},"modified":"2015-11-04T20:59:38","modified_gmt":"2015-11-04T19:59:38","slug":"exconsejera-acusa-a-un-cura-espanol-de-filtrar-datos-papales-del-vaticano","status":"publish","type":"post","link":"https:\/\/2horizontes.com\/?p=31257","title":{"rendered":"Exconsejera acusa a un cura espa\u00f1ol de filtrar datos papales del Vaticano"},"content":{"rendered":"<p>EFE \/Ciudad del Vaticano<\/p>\n<p>&nbsp;<\/p>\n<p>La italiana Francesca Chaouqui, detenida ayer junto al sacerdote espa\u00f1ol Luis \u00c1ngel Vallejo Balda por sustraer documentos reservados del Vaticano, asegur\u00f3 ayer\u00a0 en la prensa italiana que fue \u00e9ste quien los filtr\u00f3 a los medios, as\u00ed como algunas grabaciones importantes\u00a0 del papa Francisco.<\/p>\n<p>Chaouqui, exrelaciones p\u00fablicas y que fue miembro de la extinta Comisi\u00f3n investigadora de los organismos econ\u00f3micos y administrativos de la Santa Sede (COSEA), asegura en una entrevista publicada en La Stampa que \u00abtodo lo hizo \u00e9l (Vallejo), yo incluso intent\u00e9 pararle\u201d.<\/p>\n<p>\u00abNo tengo nada que ver con cuervos o topos, demostrar\u00e9 mi inocencia. Estoy tranquila, me siento bien con mi conciencia. He contado s\u00f3lo la verdad a quien est\u00e1 investigando sobre la filtraci\u00f3n de documentos en la Curia\u201d, a\u00f1adi\u00f3 Chaouqui.<\/p>\n<p>El Vaticano comunic\u00f3 el lunes\u00a0 la detenci\u00f3n durante el fin de semana de ambos en el marco de una investigaci\u00f3n por haber filtrado documentos y otros materiales considerados reservados.<\/p>\n<p>Mientras que la exconsejera del COSEA qued\u00f3 en libertad pero a disposici\u00f3n del promotor de Justicia del Vaticano (fiscal), Gian Piero Milano, al haber colaborado, el sacerdote espa\u00f1ol se encuentra a\u00fan arrestado.<\/p>\n<p>Vallejo Balda fue secretario de Comisi\u00f3n investigadora de los organismos econ\u00f3micos y administrativos de la Santa Sede (COSEA) y la prensa italiana explica que fue \u00e9l quien introdujo a Chaouqui en los ambientes vaticanos. Chaouqui precisa en la entrevista que su colaboraci\u00f3n con las autoridades vaticanas \u00abno se debe a un arrepentimiento o una admisi\u00f3n de culpa\u201d pues no tiene nada que admitir o de qu\u00e9 arrepentirse, y que se present\u00f3 inmediatamente en cuanto la gendarmer\u00eda vaticana la llam\u00f3 para aclarar algunos asuntos.<\/p>\n<p>En una conversaci\u00f3n que publica el Corriere della Sera, Chaouqui reitera que fue el monse\u00f1or quien le quiso \u00abmeter en este l\u00edo\u201d y asegura sobre el Vaticano que \u00abse respira una atm\u00f3sfera de cuchillos afilados, sobre todo por los nombramientos que no llegaron, pues el monse\u00f1or primero esperaba ser secretario de\u00a0 Econom\u00eda y despu\u00e9s revisor general de la Santa Sede\u201d, dijo.<\/p>\n<p>&nbsp;<\/p>\n<p>Mujer\u00a0 de recursos<\/p>\n<p>&nbsp;<\/p>\n<p>Controversia Francesca Chaouqui apareci\u00f3 en los ambientes vaticanos en el 2012, cuando Paolo Gabriele, mayordomo de Joseph Ratzinger, sustra\u00eda documentos del despacho papal y los pasaba al escritor Giangluigi Nuzzi.<\/p>\n<p>&nbsp;<\/p>\n<p>Fiesta Francesca organiz\u00f3 una recepci\u00f3n exclusiva con 150 invitados y 18.000\u00a0 d\u00f3lares\u00a0 de costo, sin tomar en cuenta al resto de fieles.<\/p>\n","protected":false},"excerpt":{"rendered":"<p>EFE \/Ciudad del Vaticano &nbsp; La italiana Francesca Chaouqui, detenida ayer junto al sacerdote espa\u00f1ol Luis \u00c1ngel Vallejo Balda por sustraer documentos reservados del Vaticano, asegur\u00f3 ayer\u00a0 en la prensa italiana que fue \u00e9ste quien los filtr\u00f3 a los medios, as\u00ed como algunas grabaciones importantes\u00a0 del papa Francisco. Chaouqui, exrelaciones p\u00fablicas y que fue miembro [&hellip;]<\/p>\n","protected":false},"author":7,"featured_media":31258,"comment_status":"open","ping_status":"open","sticky":false,"template":"","format":"standard","meta":{"footnotes":""},"categories":[85,86,40],"tags":[],"class_list":["post-31257","post","type-post","status-publish","format-standard","has-post-thumbnail","hentry","category-espana","category-europa","category-internacionales"],"_links":{"self":[{"href":"https:\/\/2horizontes.com\/index.php?rest_route=\/wp\/v2\/posts\/31257","targetHints":{"allow":["GET"]}}],"collection":[{"href":"https:\/\/2horizontes.com\/index.php?rest_route=\/wp\/v2\/posts"}],"about":[{"href":"https:\/\/2horizontes.com\/index.php?rest_route=\/wp\/v2\/types\/post"}],"author":[{"embeddable":true,"href":"https:\/\/2horizontes.com\/index.php?rest_route=\/wp\/v2\/users\/7"}],"replies":[{"embeddable":true,"href":"https:\/\/2horizontes.com\/index.php?rest_route=%2Fwp%2Fv2%2Fcomments&post=31257"}],"version-history":[{"count":1,"href":"https:\/\/2horizontes.com\/index.php?rest_route=\/wp\/v2\/posts\/31257\/revisions"}],"predecessor-version":[{"id":31259,"href":"https:\/\/2horizontes.com\/index.php?rest_route=\/wp\/v2\/posts\/31257\/revisions\/31259"}],"wp:featuredmedia":[{"embeddable":true,"href":"https:\/\/2horizontes.com\/index.php?rest_route=\/wp\/v2\/media\/31258"}],"wp:attachment":[{"href":"https:\/\/2horizontes.com\/index.php?rest_route=%2Fwp%2Fv2%2Fmedia&parent=31257"}],"wp:term":[{"taxonomy":"category","embeddable":true,"href":"https:\/\/2horizontes.com\/index.php?rest_route=%2Fwp%2Fv2%2Fcategories&post=31257"},{"taxonomy":"post_tag","embeddable":true,"href":"https:\/\/2horizontes.com\/index.php?rest_route=%2Fwp%2Fv2%2Ftags&post=31257"}],"curies":[{"name":"wp","href":"https:\/\/api.w.org\/{rel}","templated":true}]}}