{"id":31185,"date":"2015-11-04T16:25:50","date_gmt":"2015-11-04T15:25:50","guid":{"rendered":"http:\/\/2horizontes.com\/?p=31185"},"modified":"2015-11-04T16:25:50","modified_gmt":"2015-11-04T15:25:50","slug":"adriano-espaillat-declara-candidatura-para-el-distrito-13","status":"publish","type":"post","link":"https:\/\/2horizontes.com\/?p=31185","title":{"rendered":"Adriano Espaillat declara candidatura para el Distrito 13"},"content":{"rendered":"<p>NUEVA YORK.- El senador de origen dominicano Adriano Espaillat declar\u00f3 su candidatura para el Distrito Congresual 13, que se extiende desde Harlem hasta Inwood del Alto Manhattan y cubre parte del Oeste de El Bronx.<\/p>\n<p>Espaillat, quien ha representado parte de este distrito por cerca de 20 a\u00f1os, dijo que durante su carrera en el servicio p\u00fablico, \u201che hecho mi misi\u00f3n de luchar por el Norte de Manhattan y El Bronx, he servido a nuestra comunidad como organizador de inquilinos, presidente del consejo del cuartel policial, asamble\u00edsta y senador estatal\u201d.<\/p>\n<p>\u201cTambi\u00e9n he trabajado sin descanso para hacer frente a la falta de oportunidades econ\u00f3micas, para proveer acceso a vivienda asequible y a educaci\u00f3n de calidad, y mantener nuestros vecindarios seguros\u201d, abund\u00f3.<\/p>\n<p>Agreg\u00f3 que \u201cir\u00e9 a Washington a seguir luchando por nuestras familias desde el primer d\u00eda de trabajo, para reparar nuestros edificios de NYCHA, proteger a los inquilinos e invertir en la creaci\u00f3n de empleos y escuelas de alta calidad\u201d.<\/p>\n<p>\u201cLos vecindarios del Distrito Congresual 13 han sido testigos de cambios hist\u00f3ricos y necesitan una voz fuerte que ponga en primer lugar el bienestar de las familias trabajadoras. Juntos, podemos asegurar que nuestros hijos hereden una ciudad mejor que la que habitamos\u201d, subray\u00f3.<\/p>\n","protected":false},"excerpt":{"rendered":"<p>NUEVA YORK.- El senador de origen dominicano Adriano Espaillat declar\u00f3 su candidatura para el Distrito Congresual 13, que se extiende desde Harlem hasta Inwood del Alto Manhattan y cubre parte del Oeste de El Bronx. Espaillat, quien ha representado parte de este distrito por cerca de 20 a\u00f1os, dijo que durante su carrera en el [&hellip;]<\/p>\n","protected":false},"author":8,"featured_media":31186,"comment_status":"open","ping_status":"open","sticky":false,"template":"","format":"standard","meta":{"footnotes":""},"categories":[40,43,44],"tags":[],"class_list":["post-31185","post","type-post","status-publish","format-standard","has-post-thumbnail","hentry","category-internacionales","category-politica","category-republica-dominicana"],"_links":{"self":[{"href":"https:\/\/2horizontes.com\/index.php?rest_route=\/wp\/v2\/posts\/31185","targetHints":{"allow":["GET"]}}],"collection":[{"href":"https:\/\/2horizontes.com\/index.php?rest_route=\/wp\/v2\/posts"}],"about":[{"href":"https:\/\/2horizontes.com\/index.php?rest_route=\/wp\/v2\/types\/post"}],"author":[{"embeddable":true,"href":"https:\/\/2horizontes.com\/index.php?rest_route=\/wp\/v2\/users\/8"}],"replies":[{"embeddable":true,"href":"https:\/\/2horizontes.com\/index.php?rest_route=%2Fwp%2Fv2%2Fcomments&post=31185"}],"version-history":[{"count":1,"href":"https:\/\/2horizontes.com\/index.php?rest_route=\/wp\/v2\/posts\/31185\/revisions"}],"predecessor-version":[{"id":31187,"href":"https:\/\/2horizontes.com\/index.php?rest_route=\/wp\/v2\/posts\/31185\/revisions\/31187"}],"wp:featuredmedia":[{"embeddable":true,"href":"https:\/\/2horizontes.com\/index.php?rest_route=\/wp\/v2\/media\/31186"}],"wp:attachment":[{"href":"https:\/\/2horizontes.com\/index.php?rest_route=%2Fwp%2Fv2%2Fmedia&parent=31185"}],"wp:term":[{"taxonomy":"category","embeddable":true,"href":"https:\/\/2horizontes.com\/index.php?rest_route=%2Fwp%2Fv2%2Fcategories&post=31185"},{"taxonomy":"post_tag","embeddable":true,"href":"https:\/\/2horizontes.com\/index.php?rest_route=%2Fwp%2Fv2%2Ftags&post=31185"}],"curies":[{"name":"wp","href":"https:\/\/api.w.org\/{rel}","templated":true}]}}