{"id":31182,"date":"2015-11-04T16:13:24","date_gmt":"2015-11-04T15:13:24","guid":{"rendered":"http:\/\/2horizontes.com\/?p=31182"},"modified":"2015-11-04T16:13:24","modified_gmt":"2015-11-04T15:13:24","slug":"comision-del-pld-realiza-tareas-en-tres-estados","status":"publish","type":"post","link":"https:\/\/2horizontes.com\/?p=31182","title":{"rendered":"Comisi\u00f3n del PLD realiza tareas en tres Estados"},"content":{"rendered":"<p>NUEVA YORK.- Cumpli\u00f3 su cometido en los Estados Unidos la comisi\u00f3n de la direcci\u00f3n pol\u00edtica del Partido de la Liberaci\u00f3n Dominicana (PLD) encargada de adelantar la reestructuraci\u00f3n de los comit\u00e9s de campa\u00f1a en las seccionales en el exterior para promover la candidatura del Presidente Danilo Medina.<\/p>\n<p>Reinaldo Pared P\u00e9rez, secretario general, coordin\u00f3 la comisi\u00f3n, de la que formaron parte Monchy Fadul y Bautista Rojas G\u00f3mez, quienes se reunieron en asamblea con la dirigencia pelede\u00edsta en Nueva York, Nueva Jersey y Boston.<\/p>\n<p>El viernes se desarroll\u00f3 un encuentro en Nueva York, el s\u00e1bado en Nueva Jersey y el domingo en Boston, recibiendo los comisionados la asistencia y colaboraci\u00f3n de las tres seccionales.<\/p>\n<p>La direcci\u00f3n estatal en Nueva York aprovech\u00f3 la presencia de los comisionados para dejar en funcionamiento un centro de c\u00f3mputos y llamadas que facilitar\u00e1 el contacto de la direcci\u00f3n partidaria con los miembros del PLD.<\/p>\n<p>\u201cLa apertura del centro de c\u00f3mputos e informaci\u00f3n tiene como objetivo principal fortalecer los trabajos de cedulaci\u00f3n y empadronamiento en Nueva York\u201d, dijo Frank Cortorreal, presidente de la seccional estatal en la ceremonia de inicio de los trabajos del centro de contacto.<\/p>\n<p>Correspondi\u00f3 a Pared P\u00e9rez y a la comitiva que le acompa\u00f1\u00f3 cortar la cinta para dejar en funcionamiento el centro de informaci\u00f3n del partido morado en Nueva York.<\/p>\n","protected":false},"excerpt":{"rendered":"<p>NUEVA YORK.- Cumpli\u00f3 su cometido en los Estados Unidos la comisi\u00f3n de la direcci\u00f3n pol\u00edtica del Partido de la Liberaci\u00f3n Dominicana (PLD) encargada de adelantar la reestructuraci\u00f3n de los comit\u00e9s de campa\u00f1a en las seccionales en el exterior para promover la candidatura del Presidente Danilo Medina. Reinaldo Pared P\u00e9rez, secretario general, coordin\u00f3 la comisi\u00f3n, de [&hellip;]<\/p>\n","protected":false},"author":8,"featured_media":31183,"comment_status":"open","ping_status":"open","sticky":false,"template":"","format":"standard","meta":{"footnotes":""},"categories":[40,43,44],"tags":[],"class_list":["post-31182","post","type-post","status-publish","format-standard","has-post-thumbnail","hentry","category-internacionales","category-politica","category-republica-dominicana"],"_links":{"self":[{"href":"https:\/\/2horizontes.com\/index.php?rest_route=\/wp\/v2\/posts\/31182","targetHints":{"allow":["GET"]}}],"collection":[{"href":"https:\/\/2horizontes.com\/index.php?rest_route=\/wp\/v2\/posts"}],"about":[{"href":"https:\/\/2horizontes.com\/index.php?rest_route=\/wp\/v2\/types\/post"}],"author":[{"embeddable":true,"href":"https:\/\/2horizontes.com\/index.php?rest_route=\/wp\/v2\/users\/8"}],"replies":[{"embeddable":true,"href":"https:\/\/2horizontes.com\/index.php?rest_route=%2Fwp%2Fv2%2Fcomments&post=31182"}],"version-history":[{"count":1,"href":"https:\/\/2horizontes.com\/index.php?rest_route=\/wp\/v2\/posts\/31182\/revisions"}],"predecessor-version":[{"id":31184,"href":"https:\/\/2horizontes.com\/index.php?rest_route=\/wp\/v2\/posts\/31182\/revisions\/31184"}],"wp:featuredmedia":[{"embeddable":true,"href":"https:\/\/2horizontes.com\/index.php?rest_route=\/wp\/v2\/media\/31183"}],"wp:attachment":[{"href":"https:\/\/2horizontes.com\/index.php?rest_route=%2Fwp%2Fv2%2Fmedia&parent=31182"}],"wp:term":[{"taxonomy":"category","embeddable":true,"href":"https:\/\/2horizontes.com\/index.php?rest_route=%2Fwp%2Fv2%2Fcategories&post=31182"},{"taxonomy":"post_tag","embeddable":true,"href":"https:\/\/2horizontes.com\/index.php?rest_route=%2Fwp%2Fv2%2Ftags&post=31182"}],"curies":[{"name":"wp","href":"https:\/\/api.w.org\/{rel}","templated":true}]}}