{"id":3109,"date":"2015-01-12T21:53:39","date_gmt":"2015-01-12T21:53:39","guid":{"rendered":"http:\/\/2horizontes.com\/?p=3109"},"modified":"2015-01-12T21:53:39","modified_gmt":"2015-01-12T21:53:39","slug":"hombre-mata-a-dos-mujeres-y-luego-se-suicida-en-espana","status":"publish","type":"post","link":"https:\/\/2horizontes.com\/?p=3109","title":{"rendered":"Hombre mata a dos mujeres  y luego se suicida en Espa\u00f1a"},"content":{"rendered":"<p>El agresor, que hab\u00eda sido denunciado por maltrato psicol\u00f3gico, se quita luego la vida<\/p>\n<p><a href=\"http:\/\/2horizontes.com\/wp-content\/uploads\/2015\/01\/hyo.jpg\"><img loading=\"lazy\" decoding=\"async\" src=\"http:\/\/2horizontes.com\/wp-content\/uploads\/2015\/01\/hyo-300x162.jpg\" alt=\"hyo\" width=\"300\" height=\"162\" class=\"alignleft size-medium wp-image-3110\" srcset=\"https:\/\/2horizontes.com\/wp-content\/uploads\/2015\/01\/hyo-300x162.jpg 300w, https:\/\/2horizontes.com\/wp-content\/uploads\/2015\/01\/hyo-510x275.jpg 510w, https:\/\/2horizontes.com\/wp-content\/uploads\/2015\/01\/hyo.jpg 560w\" sizes=\"auto, (max-width: 300px) 100vw, 300px\" \/><\/a><\/p>\n<p>La tregua dur\u00f3 poco. Tras 11 d\u00edas sin v\u00edctimas por violencia de g\u00e9nero, Elche (Alicante) ha sido este lunes el escenario donde se quebr\u00f3 la estad\u00edstica con dos muertes. Un hombre mat\u00f3 a su exesposa y a la hermana de esta en una vivienda de la urbanizaci\u00f3n Los Limoneros, situada en la pedan\u00eda de L\u2019Altet, y despu\u00e9s se suicid\u00f3. Es el primer crimen machista de 2015.<\/p>\n<p>Las hip\u00f3tesis que maneja la polic\u00eda apuntan a que el hombre, de 68 a\u00f1os, supuestamente utiliz\u00f3 un objeto contundente para matar a su expareja y su excu\u00f1ada, Teresa y Natividad Fern\u00e1ndez, y luego se quit\u00f3 la vida ahorc\u00e1ndose.<\/p>\n<p>Los cuerpos sin vida de las dos mujeres, de 70 y 64 a\u00f1os, fueron hallados por un hijo de una de ellas, la hermana de la expareja del agresor. Seg\u00fan fuentes policiales, el hombre fue denunciado por maltrato psicol\u00f3gico continuado en agosto de 2013 por su exmujer, de la que estaba divorciado. Sin embargo, unos meses despu\u00e9s fue absuelto. Desde que la v\u00edctima present\u00f3 esta denuncia hasta que se cerr\u00f3 el procedimiento, el Equipo de Violencia de G\u00e9nero y Menores de la Polic\u00eda Local de Elche hizo un seguimiento del caso, seg\u00fan explicaron ayer fuentes del Ayuntamiento. El presunto autor del doble crimen lleg\u00f3 a tener en vigor una orden de alejamiento de su expareja que no estaba ya activa.<\/p>\n<p>Seg\u00fan relat\u00f3 ayer su excu\u00f1ado, el agresor estaba pasando apuros econ\u00f3micos en los \u00faltimos tiempos y hab\u00eda mencionado en varias ocasiones que quer\u00eda quitarse la vida.<\/p>\n<p>Los servicios de emergencias recibieron noticia de lo ocurrido sobre las 14 horas y se trasladaron hasta esta urbanizaci\u00f3n, enclavada entre el mar y Santa Pola, donde v\u00edctimas y agresor estaban empadronados.<\/p>\n<p>Este es el segundo caso de violencia machista que golpea en poco tiempo a la Comunidad Valenciana. El pasado 8 de diciembre un hombre mat\u00f3 a tiros a su mujer en Paterna (Valencia) y luego tambi\u00e9n se suicid\u00f3.<\/p>\n","protected":false},"excerpt":{"rendered":"<p>El agresor, que hab\u00eda sido denunciado por maltrato psicol\u00f3gico, se quita luego la vida La tregua dur\u00f3 poco. Tras 11 d\u00edas sin v\u00edctimas por violencia de g\u00e9nero, Elche (Alicante) ha sido este lunes el escenario donde se quebr\u00f3 la estad\u00edstica con dos muertes. Un hombre mat\u00f3 a su exesposa y a la hermana de esta [&hellip;]<\/p>\n","protected":false},"author":1,"featured_media":0,"comment_status":"open","ping_status":"open","sticky":false,"template":"","format":"standard","meta":{"footnotes":""},"categories":[1],"tags":[],"class_list":["post-3109","post","type-post","status-publish","format-standard","hentry","category-entretenimiento"],"_links":{"self":[{"href":"https:\/\/2horizontes.com\/index.php?rest_route=\/wp\/v2\/posts\/3109","targetHints":{"allow":["GET"]}}],"collection":[{"href":"https:\/\/2horizontes.com\/index.php?rest_route=\/wp\/v2\/posts"}],"about":[{"href":"https:\/\/2horizontes.com\/index.php?rest_route=\/wp\/v2\/types\/post"}],"author":[{"embeddable":true,"href":"https:\/\/2horizontes.com\/index.php?rest_route=\/wp\/v2\/users\/1"}],"replies":[{"embeddable":true,"href":"https:\/\/2horizontes.com\/index.php?rest_route=%2Fwp%2Fv2%2Fcomments&post=3109"}],"version-history":[{"count":1,"href":"https:\/\/2horizontes.com\/index.php?rest_route=\/wp\/v2\/posts\/3109\/revisions"}],"predecessor-version":[{"id":3111,"href":"https:\/\/2horizontes.com\/index.php?rest_route=\/wp\/v2\/posts\/3109\/revisions\/3111"}],"wp:attachment":[{"href":"https:\/\/2horizontes.com\/index.php?rest_route=%2Fwp%2Fv2%2Fmedia&parent=3109"}],"wp:term":[{"taxonomy":"category","embeddable":true,"href":"https:\/\/2horizontes.com\/index.php?rest_route=%2Fwp%2Fv2%2Fcategories&post=3109"},{"taxonomy":"post_tag","embeddable":true,"href":"https:\/\/2horizontes.com\/index.php?rest_route=%2Fwp%2Fv2%2Ftags&post=3109"}],"curies":[{"name":"wp","href":"https:\/\/api.w.org\/{rel}","templated":true}]}}