{"id":30911,"date":"2015-11-03T10:55:36","date_gmt":"2015-11-03T09:55:36","guid":{"rendered":"http:\/\/2horizontes.com\/?p=30911"},"modified":"2015-11-03T10:55:36","modified_gmt":"2015-11-03T09:55:36","slug":"declarados-culpables-los-siete-acusados-por-el-asesinato-del-abogado-diaz-monux","status":"publish","type":"post","link":"https:\/\/2horizontes.com\/?p=30911","title":{"rendered":"Declarados culpables los siete acusados por el asesinato del abogado D\u00edaz Mo\u00f1ux"},"content":{"rendered":"<p>El Jurado popular del juicio que desde el pasado 14 de septiembre se ha celebrado en la Audiencia Provincial de Madrid por el asesinato a tiros del abogado Alfonso D\u00edaz Mo\u00f1ux, perpetrado el 18 de diciembre de 2008 en la capital, ha declarado culpables a los siete acusados este domingo, tras cinco d\u00edas de deliberaci\u00f3n.<\/p>\n<p>El veredicto del Jurado da respuesta a las 107 preguntas que le fueron entregadas sobre los hechos que el fiscal y las acusaciones particulares imputan a los siete acusados, cuatro colombianos y tres espa\u00f1oles, Jose Alexander A. A., Jonny Alexander E. O., Ibrah\u00edm A. A., John Edwards M. F., Francisco G. \u00c1., Fernando G. H. y Javier G. H..<\/p>\n<p>Seg\u00fan ha informado el abogado de una de las acusaciones particulares, Jaime Sanz de Bremond, el Jurado ha declarado culpables de la muerte del abogado a los siete acusados y, adem\u00e1s, ha declarado culpable a Javier G. H. de la tenencia del arma utilizada en el asesinato \u00abalevoso por precio\u00bb, ya que todos los acusados son sicarios.<\/p>\n<p>Sanz de Bremond ha expresado la satisfacci\u00f3n de las acusaciones por el veredicto del Jurado, cuya composici\u00f3n ha variado desde el inicio del juicio al tener que tener que entrar a formar parte del mismo los dos suplentes inicialmente designados, por la abstenci\u00f3n de uno de los miembros del Jurado y la enfermedad sobrevenida de otro.<\/p>\n<p>Ante la posibilidad de que el Jurado diera a conocer su veredicto a lo largo del fin de semana, el Magistrado Presidente del Tribunal acord\u00f3 el pasado jueves habilitar el s\u00e1bado y el domingo, ordenando lo necesario para que se pudiera disponer de la sala de vistas y de los dem\u00e1s servicios en la sede de la Audiencia Provincial de Madrid.<\/p>\n<p>Seis de los siete acusados ahora declarados culpables, para los que las acusaciones solicitan penas de hasta 25 a\u00f1os de prisi\u00f3n para cada uno, se encuentran en libertad provisional por as\u00ed haberlo acordado el Tribunal Superior de Justicia de Madrid en septiembre de 2014, al acordar la nulidad y repetici\u00f3n del anterior juicio celebrado en noviembre y diciembre de 2013 y haber cumplido los acusados el plazo m\u00e1ximo de cuatro a\u00f1os de prisi\u00f3n provisional.<\/p>\n","protected":false},"excerpt":{"rendered":"<p>El Jurado popular del juicio que desde el pasado 14 de septiembre se ha celebrado en la Audiencia Provincial de Madrid por el asesinato a tiros del abogado Alfonso D\u00edaz Mo\u00f1ux, perpetrado el 18 de diciembre de 2008 en la capital, ha declarado culpables a los siete acusados este domingo, tras cinco d\u00edas de deliberaci\u00f3n. [&hellip;]<\/p>\n","protected":false},"author":3,"featured_media":30912,"comment_status":"open","ping_status":"open","sticky":false,"template":"","format":"standard","meta":{"footnotes":""},"categories":[85],"tags":[],"class_list":["post-30911","post","type-post","status-publish","format-standard","has-post-thumbnail","hentry","category-espana"],"_links":{"self":[{"href":"https:\/\/2horizontes.com\/index.php?rest_route=\/wp\/v2\/posts\/30911","targetHints":{"allow":["GET"]}}],"collection":[{"href":"https:\/\/2horizontes.com\/index.php?rest_route=\/wp\/v2\/posts"}],"about":[{"href":"https:\/\/2horizontes.com\/index.php?rest_route=\/wp\/v2\/types\/post"}],"author":[{"embeddable":true,"href":"https:\/\/2horizontes.com\/index.php?rest_route=\/wp\/v2\/users\/3"}],"replies":[{"embeddable":true,"href":"https:\/\/2horizontes.com\/index.php?rest_route=%2Fwp%2Fv2%2Fcomments&post=30911"}],"version-history":[{"count":1,"href":"https:\/\/2horizontes.com\/index.php?rest_route=\/wp\/v2\/posts\/30911\/revisions"}],"predecessor-version":[{"id":30913,"href":"https:\/\/2horizontes.com\/index.php?rest_route=\/wp\/v2\/posts\/30911\/revisions\/30913"}],"wp:featuredmedia":[{"embeddable":true,"href":"https:\/\/2horizontes.com\/index.php?rest_route=\/wp\/v2\/media\/30912"}],"wp:attachment":[{"href":"https:\/\/2horizontes.com\/index.php?rest_route=%2Fwp%2Fv2%2Fmedia&parent=30911"}],"wp:term":[{"taxonomy":"category","embeddable":true,"href":"https:\/\/2horizontes.com\/index.php?rest_route=%2Fwp%2Fv2%2Fcategories&post=30911"},{"taxonomy":"post_tag","embeddable":true,"href":"https:\/\/2horizontes.com\/index.php?rest_route=%2Fwp%2Fv2%2Ftags&post=30911"}],"curies":[{"name":"wp","href":"https:\/\/api.w.org\/{rel}","templated":true}]}}