{"id":30908,"date":"2015-11-03T10:50:44","date_gmt":"2015-11-03T09:50:44","guid":{"rendered":"http:\/\/2horizontes.com\/?p=30908"},"modified":"2015-11-03T10:50:44","modified_gmt":"2015-11-03T09:50:44","slug":"pedro-sanchez-rechaza-por-igual-las-derechas-del-pp-y-de-ciudadanos","status":"publish","type":"post","link":"https:\/\/2horizontes.com\/?p=30908","title":{"rendered":"Pedro S\u00e1nchez rechaza por igual &#8216;las derechas&#8217; del PP y de Ciudadanos"},"content":{"rendered":"<p>El l\u00edder del PSOE, Pedro S\u00e1nchez, rechaz\u00f3 ayer por igual a \u00ablas dos derechas\u00bb que, en su opini\u00f3n, representan el PP y Ciudadanos. Y afirm\u00f3 que no se sentir\u00eda \u00aba gusto\u00bb pactando con ninguna de estas dos formaciones.<\/p>\n<p>El secretario general del Partido Socialista asegur\u00f3 en la entrevista que anoche concedi\u00f3 a TVE que Espa\u00f1a \u00abno necesita m\u00e1s derechas\u00bb. Y recalc\u00f3 que el PSOE se podr\u00e1 entender con los partidos que planteen \u00abpol\u00edticas de centro izquierda\u00bb.<\/p>\n<p>Espa\u00f1a no necesita m\u00e1s derechas\u00bb, asever\u00f3, \u00abno creo que la soluci\u00f3n a la crisis de Espa\u00f1a sea ni la derecha de Rajoy, ni la suma de las derechas, la de Rivera y la de Rajoy\u00bb. De hecho, lleg\u00f3 a comparar al partido de Albert Rivera -que en algunas encuestas ya supera al PSOE- con \u00ablas Nuevas Generaciones del PP\u00bb.<\/p>\n<p>Preguntado por Podemos, S\u00e1nchez sostuvo que este partido sufre \u00abbastante desorientaci\u00f3n\u00bb. De hecho, critic\u00f3 que Pablo Iglesias aspire a ser presidente con los votos del PSOE, pero rechace votarle a \u00e9l como presidente e incluso \u00abpuede permitir gobernar a Mariano Rajoy\u00bb. De esta forma, concluy\u00f3, entre el PP, Ciudadanos y Podemos, \u00abla \u00fanica opci\u00f3n de cambio es el PSOE\u00bb.<\/p>\n<p>Cuando la periodista Ana Blanco le pregunt\u00f3 si el 20 de diciembre ser\u00e1 su \u00faltima oportunidad para ser presidente del Gobierno, Pedro S\u00e1nchez respondi\u00f3 con un \u00abno\u00bb rotundo. Gran parte de su partido no le seguir\u00e1 apoyando si no consigue llegar a La Moncloa tras esos comicios.<\/p>\n","protected":false},"excerpt":{"rendered":"<p>El l\u00edder del PSOE, Pedro S\u00e1nchez, rechaz\u00f3 ayer por igual a \u00ablas dos derechas\u00bb que, en su opini\u00f3n, representan el PP y Ciudadanos. Y afirm\u00f3 que no se sentir\u00eda \u00aba gusto\u00bb pactando con ninguna de estas dos formaciones. El secretario general del Partido Socialista asegur\u00f3 en la entrevista que anoche concedi\u00f3 a TVE que Espa\u00f1a [&hellip;]<\/p>\n","protected":false},"author":3,"featured_media":30909,"comment_status":"open","ping_status":"open","sticky":false,"template":"","format":"standard","meta":{"footnotes":""},"categories":[85,43],"tags":[],"class_list":["post-30908","post","type-post","status-publish","format-standard","has-post-thumbnail","hentry","category-espana","category-politica"],"_links":{"self":[{"href":"https:\/\/2horizontes.com\/index.php?rest_route=\/wp\/v2\/posts\/30908","targetHints":{"allow":["GET"]}}],"collection":[{"href":"https:\/\/2horizontes.com\/index.php?rest_route=\/wp\/v2\/posts"}],"about":[{"href":"https:\/\/2horizontes.com\/index.php?rest_route=\/wp\/v2\/types\/post"}],"author":[{"embeddable":true,"href":"https:\/\/2horizontes.com\/index.php?rest_route=\/wp\/v2\/users\/3"}],"replies":[{"embeddable":true,"href":"https:\/\/2horizontes.com\/index.php?rest_route=%2Fwp%2Fv2%2Fcomments&post=30908"}],"version-history":[{"count":1,"href":"https:\/\/2horizontes.com\/index.php?rest_route=\/wp\/v2\/posts\/30908\/revisions"}],"predecessor-version":[{"id":30910,"href":"https:\/\/2horizontes.com\/index.php?rest_route=\/wp\/v2\/posts\/30908\/revisions\/30910"}],"wp:featuredmedia":[{"embeddable":true,"href":"https:\/\/2horizontes.com\/index.php?rest_route=\/wp\/v2\/media\/30909"}],"wp:attachment":[{"href":"https:\/\/2horizontes.com\/index.php?rest_route=%2Fwp%2Fv2%2Fmedia&parent=30908"}],"wp:term":[{"taxonomy":"category","embeddable":true,"href":"https:\/\/2horizontes.com\/index.php?rest_route=%2Fwp%2Fv2%2Fcategories&post=30908"},{"taxonomy":"post_tag","embeddable":true,"href":"https:\/\/2horizontes.com\/index.php?rest_route=%2Fwp%2Fv2%2Ftags&post=30908"}],"curies":[{"name":"wp","href":"https:\/\/api.w.org\/{rel}","templated":true}]}}