{"id":30902,"date":"2015-11-03T10:40:55","date_gmt":"2015-11-03T09:40:55","guid":{"rendered":"http:\/\/2horizontes.com\/?p=30902"},"modified":"2015-11-03T10:40:55","modified_gmt":"2015-11-03T09:40:55","slug":"detenidos-en-madrid-tres-yihadistas-dispuestos-a-cometer-atentados-en-espana","status":"publish","type":"post","link":"https:\/\/2horizontes.com\/?p=30902","title":{"rendered":"Detenidos en Madrid tres yihadistas dispuestos a cometer atentados en Espa\u00f1a"},"content":{"rendered":"<p>La Polic\u00eda Nacional ha detenido en la madrugada de hoy en Madrid a tres marroqu\u00edes acusados de formar parte de un grupo vinculado a la organizaci\u00f3n terrorista yihadista DAESH que ya estaban dispuestos a cometer atentados en Espa\u00f1a.<\/p>\n<p>El ministro del Interior, Jorge Fern\u00e1ndez D\u00edaz, ha considerado en declaraciones a la SER que el hecho de que no se tratase de reclutar o adoctrinar terroristas sino de preparar atentados en Espa\u00f1a supone \u00abun salto cualitativo\u00bb importante.<\/p>\n<p>Seg\u00fan informaron a Efe fuentes de la investigaci\u00f3n, la operaci\u00f3n ha sido llevada a cabo por agentes de la Comisar\u00eda General de Informaci\u00f3n de la Polic\u00eda Nacional en la Ca\u00f1ada Real, un poblado chabolista conocido como el \u00absupermercado\u00bb de la droga, donde han sido arrestados dos de ellos, y en el barrio madrile\u00f1o de Vallecas, con otro detenido.<\/p>\n<p>Los detenidos se mostraban dispuestos a llevar a cabo en cualquier momento actos terroristas similares a los cometidos recientemente en pa\u00edses del entorno de Espa\u00f1a. Fern\u00e1ndez D\u00edaz, ha dicho que la operaci\u00f3n segu\u00eda abierta esta ma\u00f1ana con registros domiciliarios en Madrid, concretamente dos en la Ca\u00f1ada Real y uno en Vallecas.<\/p>\n<p>Ha a\u00f1adido que a diferencia de otras operaciones que la Polic\u00eda Nacional y la Guardia Civil han desarrollado contra el yihadismo los arrestados hoy no se dedicaban a captar, adoctrinar, radicalizar y reclutar a personas para que se desplazaran a Siria o a Irak a integrarse en el DAESH y combatir sino que su finalidad era actuar en Espa\u00f1a, \u00ablo cual es un hecho diferencial sensible\u00bb.<\/p>\n","protected":false},"excerpt":{"rendered":"<p>La Polic\u00eda Nacional ha detenido en la madrugada de hoy en Madrid a tres marroqu\u00edes acusados de formar parte de un grupo vinculado a la organizaci\u00f3n terrorista yihadista DAESH que ya estaban dispuestos a cometer atentados en Espa\u00f1a. El ministro del Interior, Jorge Fern\u00e1ndez D\u00edaz, ha considerado en declaraciones a la SER que el hecho [&hellip;]<\/p>\n","protected":false},"author":3,"featured_media":30903,"comment_status":"open","ping_status":"open","sticky":false,"template":"","format":"standard","meta":{"footnotes":""},"categories":[85],"tags":[],"class_list":["post-30902","post","type-post","status-publish","format-standard","has-post-thumbnail","hentry","category-espana"],"_links":{"self":[{"href":"https:\/\/2horizontes.com\/index.php?rest_route=\/wp\/v2\/posts\/30902","targetHints":{"allow":["GET"]}}],"collection":[{"href":"https:\/\/2horizontes.com\/index.php?rest_route=\/wp\/v2\/posts"}],"about":[{"href":"https:\/\/2horizontes.com\/index.php?rest_route=\/wp\/v2\/types\/post"}],"author":[{"embeddable":true,"href":"https:\/\/2horizontes.com\/index.php?rest_route=\/wp\/v2\/users\/3"}],"replies":[{"embeddable":true,"href":"https:\/\/2horizontes.com\/index.php?rest_route=%2Fwp%2Fv2%2Fcomments&post=30902"}],"version-history":[{"count":1,"href":"https:\/\/2horizontes.com\/index.php?rest_route=\/wp\/v2\/posts\/30902\/revisions"}],"predecessor-version":[{"id":30904,"href":"https:\/\/2horizontes.com\/index.php?rest_route=\/wp\/v2\/posts\/30902\/revisions\/30904"}],"wp:featuredmedia":[{"embeddable":true,"href":"https:\/\/2horizontes.com\/index.php?rest_route=\/wp\/v2\/media\/30903"}],"wp:attachment":[{"href":"https:\/\/2horizontes.com\/index.php?rest_route=%2Fwp%2Fv2%2Fmedia&parent=30902"}],"wp:term":[{"taxonomy":"category","embeddable":true,"href":"https:\/\/2horizontes.com\/index.php?rest_route=%2Fwp%2Fv2%2Fcategories&post=30902"},{"taxonomy":"post_tag","embeddable":true,"href":"https:\/\/2horizontes.com\/index.php?rest_route=%2Fwp%2Fv2%2Ftags&post=30902"}],"curies":[{"name":"wp","href":"https:\/\/api.w.org\/{rel}","templated":true}]}}