{"id":30871,"date":"2015-11-02T22:34:11","date_gmt":"2015-11-02T21:34:11","guid":{"rendered":"http:\/\/2horizontes.com\/?p=30871"},"modified":"2015-11-02T22:34:11","modified_gmt":"2015-11-02T21:34:11","slug":"bebe-de-ocho-meses-muere-ahogada-en-cubeta-de-orina-rd","status":"publish","type":"post","link":"https:\/\/2horizontes.com\/?p=30871","title":{"rendered":"Beb\u00e9 de ocho meses muere ahogada en cubeta de orina RD"},"content":{"rendered":"<p>RD- SANTIAGO-Una beb\u00e9 de ocho meses de nacida muri\u00f3 lamadrugada de este lunes ahogada al caer en una cubeta con orina que se encontraba en la habitaci\u00f3n donde dorm\u00eda junto a su madre.<\/p>\n<p>El hecho ocurri\u00f3 pasadas las 12:00 de la medianoche en su residencia, ubicada en\u00a0\u00a0el sector Yaguita de El Ejido, de Santiago.<\/p>\n<p>De acuerdo a la versi\u00f3n de Tom\u00e1s Torres, su hija\u00a0\u00a0Grismerly\u00a0\u00a0era muy inquieta y alparecer despert\u00f3, se baj\u00f3 de la cama y comenz\u00f3 a gatear hasta\u00a0\u00a0llegar al envase donde cay\u00f3 y se ahog\u00f3, sin que pudiera ser socorrida.<\/p>\n<p>El hecho ha consternado a familiares y vecinos.<\/p>\n<p>&nbsp;<\/p>\n","protected":false},"excerpt":{"rendered":"<p>RD- SANTIAGO-Una beb\u00e9 de ocho meses de nacida muri\u00f3 lamadrugada de este lunes ahogada al caer en una cubeta con orina que se encontraba en la habitaci\u00f3n donde dorm\u00eda junto a su madre. El hecho ocurri\u00f3 pasadas las 12:00 de la medianoche en su residencia, ubicada en\u00a0\u00a0el sector Yaguita de El Ejido, de Santiago. De [&hellip;]<\/p>\n","protected":false},"author":8,"featured_media":30872,"comment_status":"open","ping_status":"open","sticky":false,"template":"","format":"standard","meta":{"footnotes":""},"categories":[53,44],"tags":[],"class_list":["post-30871","post","type-post","status-publish","format-standard","has-post-thumbnail","hentry","category-provincias","category-republica-dominicana"],"_links":{"self":[{"href":"https:\/\/2horizontes.com\/index.php?rest_route=\/wp\/v2\/posts\/30871","targetHints":{"allow":["GET"]}}],"collection":[{"href":"https:\/\/2horizontes.com\/index.php?rest_route=\/wp\/v2\/posts"}],"about":[{"href":"https:\/\/2horizontes.com\/index.php?rest_route=\/wp\/v2\/types\/post"}],"author":[{"embeddable":true,"href":"https:\/\/2horizontes.com\/index.php?rest_route=\/wp\/v2\/users\/8"}],"replies":[{"embeddable":true,"href":"https:\/\/2horizontes.com\/index.php?rest_route=%2Fwp%2Fv2%2Fcomments&post=30871"}],"version-history":[{"count":1,"href":"https:\/\/2horizontes.com\/index.php?rest_route=\/wp\/v2\/posts\/30871\/revisions"}],"predecessor-version":[{"id":30873,"href":"https:\/\/2horizontes.com\/index.php?rest_route=\/wp\/v2\/posts\/30871\/revisions\/30873"}],"wp:featuredmedia":[{"embeddable":true,"href":"https:\/\/2horizontes.com\/index.php?rest_route=\/wp\/v2\/media\/30872"}],"wp:attachment":[{"href":"https:\/\/2horizontes.com\/index.php?rest_route=%2Fwp%2Fv2%2Fmedia&parent=30871"}],"wp:term":[{"taxonomy":"category","embeddable":true,"href":"https:\/\/2horizontes.com\/index.php?rest_route=%2Fwp%2Fv2%2Fcategories&post=30871"},{"taxonomy":"post_tag","embeddable":true,"href":"https:\/\/2horizontes.com\/index.php?rest_route=%2Fwp%2Fv2%2Ftags&post=30871"}],"curies":[{"name":"wp","href":"https:\/\/api.w.org\/{rel}","templated":true}]}}