{"id":30865,"date":"2015-11-02T22:18:49","date_gmt":"2015-11-02T21:18:49","guid":{"rendered":"http:\/\/2horizontes.com\/?p=30865"},"modified":"2015-11-02T22:18:49","modified_gmt":"2015-11-02T21:18:49","slug":"turba-de-haitianos-ataca-y-hiere-personal-de-migracion-en-la-prolongacion-27-de-febrero-rd","status":"publish","type":"post","link":"https:\/\/2horizontes.com\/?p=30865","title":{"rendered":"Turba de haitianos ataca y hiere personal de Migraci\u00f3n en la Prolongaci\u00f3n 27 de Febrero RD"},"content":{"rendered":"<p>RD- SANTO DOMINGO &#8211; La\u00a0\u00a0Direcci\u00f3n General de Migraci\u00f3n (DGM) inform\u00f3 este lunes que una unidad de la instituci\u00f3n fue objeto de una agresi\u00f3n por\u00a0una turba\u00a0de haitianos, mientras realizaba un operativo de interdicci\u00f3n migratoria por la\u00a0avenida Prolongaci\u00f3n 27 de Febrero, pr\u00f3ximo al\u00a0\u00a0Residencial Alameda, Santo Domingo Oeste.<\/p>\n<p>Un comunicado de Migraci\u00f3n indica que la agresi\u00f3n fue perpetrada por una turba de m\u00e1s de cien nacionales haitianos con armas de fuegos, piedras y palos, quienes les propinaron golpes diversos a los miembros del equipo de Interdicci\u00f3n Migratoria y da\u00f1os de consideraci\u00f3n al veh\u00edculo en que realizaban su labor.<\/p>\n<p>El veh\u00edculo, una camioneta Mitsubishi, result\u00f3 con los cristales rotos y abolladuras diversas, mientras que el conductor y el inspector resultaron con golpes en diversas partes del cuerpo, raz\u00f3n por la cual fueron llevados de emergencia a un centro m\u00e9dico de la zona, expresa la nota.<\/p>\n<p>La agresi\u00f3n contra la unidad de la DGM, se produjo este lunes a las\u00a0nueve 9:45 minutos de la ma\u00f1ana.<\/p>\n<p>Momentos despu\u00e9s, al lugar se presentaron miembros de la Polic\u00eda Nacional, tomando el control de la situaci\u00f3n.<\/p>\n<p>De acuerdo con la informaci\u00f3n suministrada por la DGM, un ciudadano haitiano que se encontraba detenido en el veh\u00edculo por carecer de documentos, fue tambi\u00e9n apedreado por la turba.<\/p>\n<p>Dentro del veh\u00edculo, adem\u00e1s, fueron encontradas varias piedras\u00a0lanzadas por los nacionales haitianos, quienes se resistieron a ser requisados por los inspectores de la Direcci\u00f3n General de Migraci\u00f3n.<\/p>\n<p>&nbsp;<\/p>\n","protected":false},"excerpt":{"rendered":"<p>RD- SANTO DOMINGO &#8211; La\u00a0\u00a0Direcci\u00f3n General de Migraci\u00f3n (DGM) inform\u00f3 este lunes que una unidad de la instituci\u00f3n fue objeto de una agresi\u00f3n por\u00a0una turba\u00a0de haitianos, mientras realizaba un operativo de interdicci\u00f3n migratoria por la\u00a0avenida Prolongaci\u00f3n 27 de Febrero, pr\u00f3ximo al\u00a0\u00a0Residencial Alameda, Santo Domingo Oeste. Un comunicado de Migraci\u00f3n indica que la agresi\u00f3n fue perpetrada [&hellip;]<\/p>\n","protected":false},"author":8,"featured_media":30866,"comment_status":"open","ping_status":"open","sticky":false,"template":"","format":"standard","meta":{"footnotes":""},"categories":[47,44],"tags":[],"class_list":["post-30865","post","type-post","status-publish","format-standard","has-post-thumbnail","hentry","category-haiti","category-republica-dominicana"],"_links":{"self":[{"href":"https:\/\/2horizontes.com\/index.php?rest_route=\/wp\/v2\/posts\/30865","targetHints":{"allow":["GET"]}}],"collection":[{"href":"https:\/\/2horizontes.com\/index.php?rest_route=\/wp\/v2\/posts"}],"about":[{"href":"https:\/\/2horizontes.com\/index.php?rest_route=\/wp\/v2\/types\/post"}],"author":[{"embeddable":true,"href":"https:\/\/2horizontes.com\/index.php?rest_route=\/wp\/v2\/users\/8"}],"replies":[{"embeddable":true,"href":"https:\/\/2horizontes.com\/index.php?rest_route=%2Fwp%2Fv2%2Fcomments&post=30865"}],"version-history":[{"count":1,"href":"https:\/\/2horizontes.com\/index.php?rest_route=\/wp\/v2\/posts\/30865\/revisions"}],"predecessor-version":[{"id":30867,"href":"https:\/\/2horizontes.com\/index.php?rest_route=\/wp\/v2\/posts\/30865\/revisions\/30867"}],"wp:featuredmedia":[{"embeddable":true,"href":"https:\/\/2horizontes.com\/index.php?rest_route=\/wp\/v2\/media\/30866"}],"wp:attachment":[{"href":"https:\/\/2horizontes.com\/index.php?rest_route=%2Fwp%2Fv2%2Fmedia&parent=30865"}],"wp:term":[{"taxonomy":"category","embeddable":true,"href":"https:\/\/2horizontes.com\/index.php?rest_route=%2Fwp%2Fv2%2Fcategories&post=30865"},{"taxonomy":"post_tag","embeddable":true,"href":"https:\/\/2horizontes.com\/index.php?rest_route=%2Fwp%2Fv2%2Ftags&post=30865"}],"curies":[{"name":"wp","href":"https:\/\/api.w.org\/{rel}","templated":true}]}}