{"id":30845,"date":"2015-11-02T21:01:35","date_gmt":"2015-11-02T20:01:35","guid":{"rendered":"http:\/\/2horizontes.com\/?p=30845"},"modified":"2015-11-02T21:01:35","modified_gmt":"2015-11-02T20:01:35","slug":"chile-ahonda-controversia-con-peru-sobre-frontera","status":"publish","type":"post","link":"https:\/\/2horizontes.com\/?p=30845","title":{"rendered":"Chile ahonda controversia con Per\u00fa sobre frontera"},"content":{"rendered":"<p>AFP \/\u00a0 Santiago<\/p>\n<p>&nbsp;<\/p>\n<p>Chile calific\u00f3 de err\u00f3nea y unilateral la postura de Per\u00fa sobre el punto de partida de la frontera com\u00fan entre estos pa\u00edses, que fue destacada nuevamente en una nota diplom\u00e1tica enviada el s\u00e1bado por el gobierno de Lima.<\/p>\n<p>&nbsp;<\/p>\n<p>Per\u00fa envi\u00f3 a Santiago una segunda nota en la que expresa su derecho de haber creado un distrito en la frontera com\u00fan en una zona de cuatro hect\u00e1reas que para Chile se encuentra dentro de su territorio, por lo cual considera que transgrede el l\u00edmite actual.<\/p>\n<p>Per\u00fa \u00abinsiste en se\u00f1alar, err\u00f3neamente, como punto de partida del l\u00edmite terrestre peruano, un punto determinado unilateralmente por dicho pa\u00eds, algo que es inaceptable para Chile\u201d, indic\u00f3 el canciller, Heraldo Mu\u00f1oz, en respuesta a la nota peruana.<\/p>\n<p>El distrito, denominado La Yarada-Los Palos, es parte de la provincia peruana de Tacna y forma un tri\u00e1ngulo terrestre que Per\u00fa cre\u00f3 basado en el punto de concordia -a la orilla del oc\u00e9ano Pac\u00edfico- lo cual Chile rechaza argumentando que el inicio de la frontera terrestre est\u00e1 a 270 metros hacia el este, en el llamado hito 1, acordado por ambos pa\u00edses en un tratado de 1929.<\/p>\n<p>El canciller Mu\u00f1oz afirm\u00f3 que Per\u00fa desconoce el tratado suscrito reci\u00e9n desde hace siete a\u00f1os, cuando adopt\u00f3 la tesis de que la frontera iniciaba en el punto de concordia.<\/p>\n<p>La creaci\u00f3n del distrito peruano provoc\u00f3 la protesta chilena e incluso su embajador en Lima fue llamado a consulta. La frontera actual entre estos pa\u00edses fue demarcada en tratados suscritos en 1929 y 1930, luego que Chile enfrentara en una guerra, a fines del siglo XIX, a una confederaci\u00f3n conformada por Per\u00fa y Bolivia.<\/p>\n","protected":false},"excerpt":{"rendered":"<p>AFP \/\u00a0 Santiago &nbsp; Chile calific\u00f3 de err\u00f3nea y unilateral la postura de Per\u00fa sobre el punto de partida de la frontera com\u00fan entre estos pa\u00edses, que fue destacada nuevamente en una nota diplom\u00e1tica enviada el s\u00e1bado por el gobierno de Lima. &nbsp; Per\u00fa envi\u00f3 a Santiago una segunda nota en la que expresa su [&hellip;]<\/p>\n","protected":false},"author":7,"featured_media":30846,"comment_status":"open","ping_status":"open","sticky":false,"template":"","format":"standard","meta":{"footnotes":""},"categories":[54,40,43],"tags":[],"class_list":["post-30845","post","type-post","status-publish","format-standard","has-post-thumbnail","hentry","category-emigrantes","category-internacionales","category-politica"],"_links":{"self":[{"href":"https:\/\/2horizontes.com\/index.php?rest_route=\/wp\/v2\/posts\/30845","targetHints":{"allow":["GET"]}}],"collection":[{"href":"https:\/\/2horizontes.com\/index.php?rest_route=\/wp\/v2\/posts"}],"about":[{"href":"https:\/\/2horizontes.com\/index.php?rest_route=\/wp\/v2\/types\/post"}],"author":[{"embeddable":true,"href":"https:\/\/2horizontes.com\/index.php?rest_route=\/wp\/v2\/users\/7"}],"replies":[{"embeddable":true,"href":"https:\/\/2horizontes.com\/index.php?rest_route=%2Fwp%2Fv2%2Fcomments&post=30845"}],"version-history":[{"count":1,"href":"https:\/\/2horizontes.com\/index.php?rest_route=\/wp\/v2\/posts\/30845\/revisions"}],"predecessor-version":[{"id":30847,"href":"https:\/\/2horizontes.com\/index.php?rest_route=\/wp\/v2\/posts\/30845\/revisions\/30847"}],"wp:featuredmedia":[{"embeddable":true,"href":"https:\/\/2horizontes.com\/index.php?rest_route=\/wp\/v2\/media\/30846"}],"wp:attachment":[{"href":"https:\/\/2horizontes.com\/index.php?rest_route=%2Fwp%2Fv2%2Fmedia&parent=30845"}],"wp:term":[{"taxonomy":"category","embeddable":true,"href":"https:\/\/2horizontes.com\/index.php?rest_route=%2Fwp%2Fv2%2Fcategories&post=30845"},{"taxonomy":"post_tag","embeddable":true,"href":"https:\/\/2horizontes.com\/index.php?rest_route=%2Fwp%2Fv2%2Ftags&post=30845"}],"curies":[{"name":"wp","href":"https:\/\/api.w.org\/{rel}","templated":true}]}}