{"id":30692,"date":"2015-10-31T19:00:05","date_gmt":"2015-10-31T18:00:05","guid":{"rendered":"http:\/\/2horizontes.com\/?p=30692"},"modified":"2015-10-31T19:00:05","modified_gmt":"2015-10-31T18:00:05","slug":"a-santos-le-preocupa-que-venezuela-no-permita-veedores-electorales-de-unasur","status":"publish","type":"post","link":"https:\/\/2horizontes.com\/?p=30692","title":{"rendered":"A Santos le preocupa que Venezuela no permita veedores electorales de Unasur"},"content":{"rendered":"<p>Colombia.<\/p>\n<p>El presidente colombiano, Juan Manuel Santos, expres\u00f3 el viernes su <b>preocupaci\u00f3n<\/b> porque el r\u00e9gimen de Nicol\u00e1s Maduro todav\u00eda <b>no ha autorizado<\/b> que una <b>misi\u00f3n de observaci\u00f3n electoral\u00a0<\/b>est\u00e9 presente en los comicios <b>legislativos<\/b> que se realizar\u00e1n en ese pa\u00eds el pr\u00f3ximo <b>6 de diciembre.<\/b><\/p>\n<p><b>\u00abPreocupa<\/b> que Venezuela no defina participaci\u00f3n de veedur\u00eda internacional en elecciones\u00bb, se\u00f1al\u00f3 el jefe de Estado colombiano en su cuenta de Twitter, en la que agreg\u00f3 que \u00abMisi\u00f3n de Observaci\u00f3n es <b>fundamental para democracia\u00bb.<\/b><\/p>\n<div id=\"embed51_wrap\" class=\"embed_cont type_freetext\">\n<div id=\"embed51_content\" class=\"embed_content\">\n<div id=\"embed51_embed\">Santos ha pedido en <b>varias oportunidades<\/b> que la Misi\u00f3n de Observaci\u00f3n de la Uni\u00f3n de Naciones Suramericanas (Unasur) est\u00e9 en esa jornada venezolana.<\/div>\n<\/div>\n<\/div>\n<div id=\"embed29_wrap\" class=\"embed_cont type_freetext\">\n<div id=\"embed29_epigrafe\" class=\"embed_epigrafe\">La m\u00e1s reciente fue el pasado 24 de octubre cuando dijo que \u00abme atrever\u00eda a solicitarle respetuosamente al gobierno venezolano que por favor autorice lo m\u00e1s pronto posible al jefe de la misi\u00f3n que se sugiri\u00f3, al <b>ex ministro brasile\u00f1o Nelson Jobim\u00bb.<\/b><\/div>\n<\/div>\n<p>En su momento, Santos asever\u00f3 que Colombia respalda a Jobim como jefe de la misi\u00f3n porque<b>\u00abda garant\u00edas\u00bb,<\/b> y tambi\u00e9n pidi\u00f3 que \u00abse <b>acelere<\/b> la definici\u00f3n de c\u00f3mo va a operar la observaci\u00f3n electoral\u00bb.<\/p>\n<div id=\"2079859-Grande-1164290584_wrap\" class=\"embed_cont type_imagen\">\n<div id=\"2079859-Grande-1164290584_content\" class=\"embed_content\"><img decoding=\"async\" id=\"2079859-Grande-1164290584_embed\" src=\"http:\/\/cdn01.am.infobae.com\/adjuntos\/163\/imagenes\/013\/413\/0013413552.jpg?0000-00-00-00-00-00\" alt=\"\" \/><\/div>\n<div id=\"2079859-Grande-1164290584_epigrafe\" class=\"embed_epigrafe\"><\/div>\n<div id=\"2079859-Grande-1164290584_copyright\" class=\"embed_copyright\">Reuters<\/div>\n<\/div>\n<p><b>Uruguay, tambi\u00e9n preocupado<\/b><\/p>\n<p>La <b>Corte Electoral uruguaya (CEU), <\/b>que preside el Consejo Electoral de Unasur, advirti\u00f3 que \u00abel sentido\u00bb de la misi\u00f3n de observaci\u00f3n del bloque para los comicios legislativos venezolanos del 6 de diciembre <b>\u00abest\u00e1 en riesgo\u00bb.<\/b><\/p>\n<p>Fuentes oficiales explicaron que la CEU resolvi\u00f3 que \u00abla proximidad de las elecciones\u00bb, la<b>\u00abdemora<\/b> y el agotamiento\u00bb de los plazos para la aprobaci\u00f3n de la misi\u00f3n han puesto \u00aben riesgo\u00bb el sentido de la misma \u00aben cuanto a su <b>eficacia y resultados\u00bb.<\/b><\/p>\n<p>Uruguay ejerce la <b>presidencia pro t\u00e9mpore<\/b> de Unasur y, por tanto, el presidente de la CEU lo es a su vez de la Corte Electoral de este organismo internacional que integran 12 pa\u00edses.<\/p>\n<p>Infobae.<\/p>\n","protected":false},"excerpt":{"rendered":"<p>Colombia. El presidente colombiano, Juan Manuel Santos, expres\u00f3 el viernes su preocupaci\u00f3n porque el r\u00e9gimen de Nicol\u00e1s Maduro todav\u00eda no ha autorizado que una misi\u00f3n de observaci\u00f3n electoral\u00a0est\u00e9 presente en los comicios legislativos que se realizar\u00e1n en ese pa\u00eds el pr\u00f3ximo 6 de diciembre. \u00abPreocupa que Venezuela no defina participaci\u00f3n de veedur\u00eda internacional en elecciones\u00bb, [&hellip;]<\/p>\n","protected":false},"author":7,"featured_media":30693,"comment_status":"open","ping_status":"open","sticky":false,"template":"","format":"standard","meta":{"footnotes":""},"categories":[50,40,43],"tags":[],"class_list":["post-30692","post","type-post","status-publish","format-standard","has-post-thumbnail","hentry","category-colombia","category-internacionales","category-politica"],"_links":{"self":[{"href":"https:\/\/2horizontes.com\/index.php?rest_route=\/wp\/v2\/posts\/30692","targetHints":{"allow":["GET"]}}],"collection":[{"href":"https:\/\/2horizontes.com\/index.php?rest_route=\/wp\/v2\/posts"}],"about":[{"href":"https:\/\/2horizontes.com\/index.php?rest_route=\/wp\/v2\/types\/post"}],"author":[{"embeddable":true,"href":"https:\/\/2horizontes.com\/index.php?rest_route=\/wp\/v2\/users\/7"}],"replies":[{"embeddable":true,"href":"https:\/\/2horizontes.com\/index.php?rest_route=%2Fwp%2Fv2%2Fcomments&post=30692"}],"version-history":[{"count":1,"href":"https:\/\/2horizontes.com\/index.php?rest_route=\/wp\/v2\/posts\/30692\/revisions"}],"predecessor-version":[{"id":30694,"href":"https:\/\/2horizontes.com\/index.php?rest_route=\/wp\/v2\/posts\/30692\/revisions\/30694"}],"wp:featuredmedia":[{"embeddable":true,"href":"https:\/\/2horizontes.com\/index.php?rest_route=\/wp\/v2\/media\/30693"}],"wp:attachment":[{"href":"https:\/\/2horizontes.com\/index.php?rest_route=%2Fwp%2Fv2%2Fmedia&parent=30692"}],"wp:term":[{"taxonomy":"category","embeddable":true,"href":"https:\/\/2horizontes.com\/index.php?rest_route=%2Fwp%2Fv2%2Fcategories&post=30692"},{"taxonomy":"post_tag","embeddable":true,"href":"https:\/\/2horizontes.com\/index.php?rest_route=%2Fwp%2Fv2%2Ftags&post=30692"}],"curies":[{"name":"wp","href":"https:\/\/api.w.org\/{rel}","templated":true}]}}