{"id":30682,"date":"2015-10-31T18:42:29","date_gmt":"2015-10-31T17:42:29","guid":{"rendered":"http:\/\/2horizontes.com\/?p=30682"},"modified":"2015-10-31T18:42:29","modified_gmt":"2015-10-31T17:42:29","slug":"alertan-sobre-posibles-atentados-terroristas-en-centros-comerciales-argentinos","status":"publish","type":"post","link":"https:\/\/2horizontes.com\/?p=30682","title":{"rendered":"Alertan sobre posibles atentados terroristas en centros comerciales argentinos"},"content":{"rendered":"<p><strong>Argentina.<\/strong><\/p>\n<p>La Direcci\u00f3n Nacional de Inteligencia Criminal (DNIC) de Argentina emiti\u00f3 este viernes una alerta con relaci\u00f3n a una amenaza terrorista contra dos centros comerciales de ese pa\u00eds e intensificaron la seguridad en los eventuales objetivos de Buenos Aires.<\/p>\n<p>Por medio de una carta, el director nacional de la DNIC, Sebati\u00e1n Fern\u00e1ndez Ciatti, inform\u00f3 al jefe de la Polic\u00eda Federal sobre unos posiblesatentados que ser\u00edan organizados por integrantes del grupo Ansar Dine, vinculado a Al Qaeda del Magreb Isl\u00e1mico (AQMI).<\/p>\n<p>Asimismo, solicit\u00f3 elevar los niveles de seguridad en los centros comerciales UNICENTER y Abasto, en los que se realizar\u00eda los supuestos atentados y ordenaron prestar atenci\u00f3n especial a los flujos migratorios de los \u00faltimos d\u00edas de ciudadanos provenientes de la Rep\u00fablica de Mali (\u00c1frica Occidental) .<\/p>\n<p><strong>En la misiva, con fecha de 27 de octubre, se\u00f1al\u00f3 que la informaci\u00f3n fue recibida provenientes de diplom\u00e1ticos argentinos en el exterior, que no fueron identificados.<\/strong><\/p>\n<p>Por su parte, el secretario de Seguridad, Sergio Beni, asegur\u00f3 este viernes que no existen elementos para alarmar a la poblaci\u00f3n y llam\u00f3 a la calma. Precis\u00f3 que tras la alerta recibida se pusieron en marcha los operativos protocolares para la prevenci\u00f3n de las actividades terroristas, lo que implic\u00f3 la activaci\u00f3n de un comando integrado por las cuatro fuerzas federales del pa\u00eds, la polic\u00eda de Buenos Aires y Metropolitana.<\/p>\n<p>Inform\u00f3 que el operativo de seguridad no es gradual y se\u00f1al\u00f3 que ante la amenaza \u201cde manera inmediata se act\u00faa y se act\u00faa con todos los recursos\u201d para despu\u00e9s ir desactiv\u00e1ndolo progresivamente.<\/p>\n<p><strong>Las actividades son dirigidas por un juez que lleva la causa, pues estos casos deben ser procesados judicialmente, seg\u00fan explic\u00f3. \u201cPor una cuesti\u00f3n de criterio com\u00fan, y por lo que indic\u00f3 el juez, el operativo de seguridad seguir\u00e1 en las pr\u00f3ximas 24 o 48 horas\u201d.<\/strong><\/p>\n<p>El secretario de Seguridad precis\u00f3 que los organismos de inteligencia argentinos iniciaron el intercambio de informaci\u00f3n con agencias internacionales para analizar la situaci\u00f3n.<\/p>\n<p>Ocasionalmente, Argentina es blanco de los terroristas. En 2014 la presidenta Cristina Fern\u00e1ndez recibi\u00f3 una amenaza del Daesh (Estado Isl\u00e1mico) por su relaci\u00f3n con el papa Francisco y apoyo para la creaci\u00f3n de dos Estados en Palestina.<\/p>\n<p>El 18 de julio de 1994 en Argentina hubo un atentado terrorista contra la Asociaci\u00f3n Mutual Israelita Argentina (AMIA) de Buenos Aires. Un coche bomba explot\u00f3 y ocasion\u00f3 la muerte de 85 personas y 300 heridos.<\/p>\n<p><b>Cubadebate.<\/b><\/p>\n","protected":false},"excerpt":{"rendered":"<p>Argentina. La Direcci\u00f3n Nacional de Inteligencia Criminal (DNIC) de Argentina emiti\u00f3 este viernes una alerta con relaci\u00f3n a una amenaza terrorista contra dos centros comerciales de ese pa\u00eds e intensificaron la seguridad en los eventuales objetivos de Buenos Aires. Por medio de una carta, el director nacional de la DNIC, Sebati\u00e1n Fern\u00e1ndez Ciatti, inform\u00f3 al [&hellip;]<\/p>\n","protected":false},"author":7,"featured_media":30683,"comment_status":"open","ping_status":"open","sticky":false,"template":"","format":"standard","meta":{"footnotes":""},"categories":[40],"tags":[],"class_list":["post-30682","post","type-post","status-publish","format-standard","has-post-thumbnail","hentry","category-internacionales"],"_links":{"self":[{"href":"https:\/\/2horizontes.com\/index.php?rest_route=\/wp\/v2\/posts\/30682","targetHints":{"allow":["GET"]}}],"collection":[{"href":"https:\/\/2horizontes.com\/index.php?rest_route=\/wp\/v2\/posts"}],"about":[{"href":"https:\/\/2horizontes.com\/index.php?rest_route=\/wp\/v2\/types\/post"}],"author":[{"embeddable":true,"href":"https:\/\/2horizontes.com\/index.php?rest_route=\/wp\/v2\/users\/7"}],"replies":[{"embeddable":true,"href":"https:\/\/2horizontes.com\/index.php?rest_route=%2Fwp%2Fv2%2Fcomments&post=30682"}],"version-history":[{"count":1,"href":"https:\/\/2horizontes.com\/index.php?rest_route=\/wp\/v2\/posts\/30682\/revisions"}],"predecessor-version":[{"id":30684,"href":"https:\/\/2horizontes.com\/index.php?rest_route=\/wp\/v2\/posts\/30682\/revisions\/30684"}],"wp:featuredmedia":[{"embeddable":true,"href":"https:\/\/2horizontes.com\/index.php?rest_route=\/wp\/v2\/media\/30683"}],"wp:attachment":[{"href":"https:\/\/2horizontes.com\/index.php?rest_route=%2Fwp%2Fv2%2Fmedia&parent=30682"}],"wp:term":[{"taxonomy":"category","embeddable":true,"href":"https:\/\/2horizontes.com\/index.php?rest_route=%2Fwp%2Fv2%2Fcategories&post=30682"},{"taxonomy":"post_tag","embeddable":true,"href":"https:\/\/2horizontes.com\/index.php?rest_route=%2Fwp%2Fv2%2Ftags&post=30682"}],"curies":[{"name":"wp","href":"https:\/\/api.w.org\/{rel}","templated":true}]}}