{"id":30626,"date":"2015-10-30T20:01:58","date_gmt":"2015-10-30T19:01:58","guid":{"rendered":"http:\/\/2horizontes.com\/?p=30626"},"modified":"2015-10-30T20:01:58","modified_gmt":"2015-10-30T19:01:58","slug":"se-inicia-jornada-contra-el-dengue-pero-en-la-ciudad-se-percibe-poca-presencia-de-las-brigadas","status":"publish","type":"post","link":"https:\/\/2horizontes.com\/?p=30626","title":{"rendered":"Se inicia jornada contra el dengue pero en la ciudad se percibe poca presencia de las brigadas"},"content":{"rendered":"<p>RD- SANTO DOMINGO-Con un llamado a la poblaci\u00f3n a que se una en el combate del dengue, la ministra de Salud P\u00fablica, Altagracia Guzm\u00e1n Marcelino dej\u00f3 formalmente iniciada la gran jornada nacional de eliminaci\u00f3n de criaderos del mosquito del dengue, que se realizar\u00e1 hoy y ma\u00f1ana en el pa\u00eds atendiendo a un llamado hecho por el presidente de la Rep\u00fablica.<\/p>\n<p>El acto de apertura, realizado en la sede del Cuerpo de Bomberos de la avenida Mella, sector San Carlos, cont\u00f3 con una masiva presencia de funcionarios y servidores p\u00fablicos.<\/p>\n<p>No obstante, la participaci\u00f3n de personas trabajando en esta medida preventiva no se observaba en algunos sectores de la capital, pese a la gran cantidad de personal que ha sido convocado.<\/p>\n<p>El acto formal tambi\u00e9n cont\u00f3 con la presencia de los alcaldes Roberto Salcedo y Juan de los Santos, diferentes ministros, entre ellos Alejandrina Germ\u00e1n, de la Mujer; Maritza Hern\u00e1ndez, de Trabajo; de la Juventud, Jorge Minaya; el director de la Corporaci\u00f3n del Acueducto y Alcantarillado de Santo Domingo (CAASD), Alejandro Mont\u00e1s; y otros funcionarios del Ministerio de Salud.<\/p>\n<p>La doctora Guzm\u00e1n Marcelino dijo estar confiada en que con esta jornada se reducir\u00e1 la presencia del mosquito transmisor y por ende se reducir\u00e1n los casos de pacientes con s\u00edntomas de dengue en el pa\u00eds.<\/p>\n<p>Llam\u00f3 a la poblaci\u00f3n a confiar en la atenci\u00f3n que le est\u00e1 poniendo el presidente a cada situaci\u00f3n que se presenta en el pa\u00eds.<\/p>\n<p>Dijo que, semanas atr\u00e1s, las provincias La Altagracia y S\u00e1nchez Ram\u00edrez presentaban alerta roja, pero que ya est\u00e1n en amarilla porque han bajado y espera que todo el pa\u00eds pase a alerta verde.<\/p>\n","protected":false},"excerpt":{"rendered":"<p>RD- SANTO DOMINGO-Con un llamado a la poblaci\u00f3n a que se una en el combate del dengue, la ministra de Salud P\u00fablica, Altagracia Guzm\u00e1n Marcelino dej\u00f3 formalmente iniciada la gran jornada nacional de eliminaci\u00f3n de criaderos del mosquito del dengue, que se realizar\u00e1 hoy y ma\u00f1ana en el pa\u00eds atendiendo a un llamado hecho por [&hellip;]<\/p>\n","protected":false},"author":8,"featured_media":30627,"comment_status":"open","ping_status":"open","sticky":false,"template":"","format":"standard","meta":{"footnotes":""},"categories":[53,44,45],"tags":[],"class_list":["post-30626","post","type-post","status-publish","format-standard","has-post-thumbnail","hentry","category-provincias","category-republica-dominicana","category-salud"],"_links":{"self":[{"href":"https:\/\/2horizontes.com\/index.php?rest_route=\/wp\/v2\/posts\/30626","targetHints":{"allow":["GET"]}}],"collection":[{"href":"https:\/\/2horizontes.com\/index.php?rest_route=\/wp\/v2\/posts"}],"about":[{"href":"https:\/\/2horizontes.com\/index.php?rest_route=\/wp\/v2\/types\/post"}],"author":[{"embeddable":true,"href":"https:\/\/2horizontes.com\/index.php?rest_route=\/wp\/v2\/users\/8"}],"replies":[{"embeddable":true,"href":"https:\/\/2horizontes.com\/index.php?rest_route=%2Fwp%2Fv2%2Fcomments&post=30626"}],"version-history":[{"count":1,"href":"https:\/\/2horizontes.com\/index.php?rest_route=\/wp\/v2\/posts\/30626\/revisions"}],"predecessor-version":[{"id":30628,"href":"https:\/\/2horizontes.com\/index.php?rest_route=\/wp\/v2\/posts\/30626\/revisions\/30628"}],"wp:featuredmedia":[{"embeddable":true,"href":"https:\/\/2horizontes.com\/index.php?rest_route=\/wp\/v2\/media\/30627"}],"wp:attachment":[{"href":"https:\/\/2horizontes.com\/index.php?rest_route=%2Fwp%2Fv2%2Fmedia&parent=30626"}],"wp:term":[{"taxonomy":"category","embeddable":true,"href":"https:\/\/2horizontes.com\/index.php?rest_route=%2Fwp%2Fv2%2Fcategories&post=30626"},{"taxonomy":"post_tag","embeddable":true,"href":"https:\/\/2horizontes.com\/index.php?rest_route=%2Fwp%2Fv2%2Ftags&post=30626"}],"curies":[{"name":"wp","href":"https:\/\/api.w.org\/{rel}","templated":true}]}}