{"id":30596,"date":"2015-10-30T19:18:00","date_gmt":"2015-10-30T18:18:00","guid":{"rendered":"http:\/\/2horizontes.com\/?p=30596"},"modified":"2015-10-30T19:18:00","modified_gmt":"2015-10-30T18:18:00","slug":"por-que-se-va-tanto-la-luz-en-venezuela","status":"publish","type":"post","link":"https:\/\/2horizontes.com\/?p=30596","title":{"rendered":"Por qu\u00e9 se va tanto la luz en Venezuela"},"content":{"rendered":"<p class=\"story-body__introduction\">Ram\u00f3n Gonz\u00e1lez ha librado innumerables batallas en busca de un buen servicio el\u00e9ctrico, pero a\u00fan se siente insatisfecho.<\/p>\n<p>Este habitante de Ciudad Guayana, en <strong>el estado venezolano de Bol\u00edvar<\/strong>, ha recogido firmas y trancado calles para lograr que, por ejemplo, remplacen un transformador o pongan un poste.<\/p>\n<p>Han sido casi 10 a\u00f1os de constante \u00ablucha\u00bb desde que lleg\u00f3 a esta localidad, relata.<\/p>\n<p>Pero los problemas, m\u00e1s que resolverse, simplemente han mutado.<\/p>\n<p>\u00abYa <strong>la luz no se va por largos per\u00edodos, sino que dos o tres veces al d\u00eda se va por 15 minutos<\/strong> y eso es un co\u00f1azo (un golpe) para los electrodom\u00e9sticos\u00bb, le dice a BBC Mundo.<\/p>\n<p>Y su experiencia no es diferente a la que viven en todo el pa\u00eds millones de venezolanos, que recientemente han visto c\u00f3mo <strong>los apagones volvieron a ser un motivo para quejarse y, en algunas regiones, armar barricadas en las calles<\/strong>en signo de protesta.<\/p>\n<p>La diferencia entre Ram\u00f3n y el resto de venezolanos es que el estado de Bol\u00edvar es la fuente del 70% de la energ\u00eda que consume en Venezuela.<\/p>\n<p>&nbsp;<\/p>\n<div class=\"story-body\">\n<div class=\"story-body__inner\">\n<p>Por esta tierra rica en minerales pasa uno de los r\u00edos m\u00e1s caudalosos del mundo, el Caron\u00ed, que al estar rodeado de monta\u00f1as, piedras y cascadas se considera<strong>uno de los mejores lugares del planeta para generar energ\u00eda hidr\u00e1ulica.<\/strong><\/p>\n<p>No en vano el fallecido Hugo Ch\u00e1vez dijo en referencia a la generaci\u00f3n el\u00e9ctrica que Venezuela iba \u00abrumbo a convertirse en una potencia energ\u00e9tica mundial\u00bb.<\/p>\n<p>Ch\u00e1vez pronunci\u00f3 esa famosa frase en 2008, cuando Venezuela reci\u00e9n descubr\u00eda las cuartas reservas de gas m\u00e1s grandes del mundo \u2013potencializando as\u00ed la generaci\u00f3n termoel\u00e9ctrica\u2013 y cuando en la represa de Tocoma, en Bol\u00edvar, estaba por completarse la construcci\u00f3n de una hidroel\u00e9ctrica de lujo, la planta Manuel Piar.<\/p>\n<p>Hoy, sin embargo, ninguno de esos dos proyectos, entre otros, se ha podido aprovechar.<\/p>\n<p>Y personas como Ram\u00f3n Gonz\u00e1lez <strong>pasan sus d\u00edas pendientes de desconectar sus neveras, microondas y aires acondicionados para que no se da\u00f1en cada vez que se va la luz.<\/strong><\/p>\n<h2 class=\"story-body__crosshead\">Sabotaje y sequ\u00eda<\/h2>\n<p>Durante los \u00faltimos cinco a\u00f1os, <strong>millones de venezolanos han tenido que acostumbrarse a vivir entre apagones y racionamiento de electricidad<\/strong>, que son m\u00e1s o menos frecuentes dependiendo del clima, la demanda y la \u00e9poca del a\u00f1o.<\/p>\n<figure class=\"media-landscape has-caption full-width\"><span class=\"image-and-copyright-container\"><img loading=\"lazy\" decoding=\"async\" class=\"js-image-replace\" src=\"http:\/\/ichef-1.bbci.co.uk\/news\/ws\/624\/amz\/worldservice\/live\/assets\/images\/2015\/10\/28\/151028152657_venezuela_electricidad_edificio_corpoelec_624.jpg\" alt=\"Edificio de Corpoelec en Caracas\" width=\"624\" height=\"352\" \/><\/span><figcaption class=\"media-caption\"><span class=\"off-screen\">Image caption<\/span><span class=\"media-caption__text\">La estatal Corpoelec es la responsable de la generaci\u00f3n y la distribuci\u00f3n del servicio el\u00e9ctrico en Venezuela.<\/span><\/figcaption><\/figure>\n<p><strong>Las causas de la crisis el\u00e9ctrica son m\u00faltiples y complejas<\/strong> y difieren seg\u00fan a qui\u00e9n se le pregunte.<\/p>\n<p>Los reportes mensuales de la estatal Corporaci\u00f3n El\u00e9ctrica Nacional (Corpoelec) se dejaron de publicar en 2009; el informe de gesti\u00f3n anual del ministerio de Energ\u00eda no se divulg\u00f3 en 2014 y el documento de rendici\u00f3n de cuentas que esa cartera presenta a la Asamblea Nacional cada enero no registra cifras globales de generaci\u00f3n el\u00e9ctrica.<\/p>\n<p>BBC Mundo solicit\u00f3 entrevistas con directivos de Corpoelec, dos exministros de Energ\u00eda y el actual ministro de Energ\u00eda y presidente de Corpoelec, Luis Alfredo Motta Dom\u00ednguez, pero al momento de esta publicaci\u00f3n todav\u00eda no hab\u00eda obtenido respuesta.<\/p>\n<p>El gobierno rechaza que haya problemas en el sistema el\u00e9ctrico y <strong>atribuye los cortes a un supuesto sabotaje, y el racionamiento a la sequ\u00eda y a la excesiva demanda.<\/strong><\/p>\n<p>En una reciente rueda de prensa en la que no se permitieron preguntas, Motta Dom\u00ednguez expuso con fotos y gr\u00e1ficos 13 nuevos casos (a inicios de la semana dijo que ya van 18) de supuestos ataques al sistema el\u00e9ctrico, los cuales atribuy\u00f3 a personas interesadas en fomentar malestar entre la poblaci\u00f3n antes de las elecciones parlamentarias del 6 de diciembre.<\/p>\n<figure class=\"media-landscape has-caption body-narrow-width\"><span class=\"image-and-copyright-container\"><img loading=\"lazy\" decoding=\"async\" class=\"js-image-replace\" src=\"http:\/\/ichef-1.bbci.co.uk\/news\/ws\/304\/amz\/worldservice\/live\/assets\/images\/2015\/10\/28\/151028152741_venezuela_electricidad_ministro_304.jpg\" alt=\"Ministro de Energ\u00eda El\u00e9ctrica, Luis Motta Dom\u00ednguez\" width=\"304\" height=\"171\" \/><\/span><figcaption class=\"media-caption\"><span class=\"off-screen\">Image caption<\/span><span class=\"media-caption__text\">Ministro de Energ\u00eda El\u00e9ctrica, Luis Motta Dom\u00ednguez, expone casos de sabotaje.<\/span><\/figcaption><\/figure>\n<p>\u00abEst\u00e1n repitiendo el patr\u00f3n de antes de elecciones\u00bb, dijo en referencia a cortes de energ\u00eda que coincidieron con elecciones en a\u00f1os anteriores.<\/p>\n<p>El gobierno venezolano tambi\u00e9n dice que los racionamientos el\u00e9ctricos \u2013y de agua\u2013 son consecuencia de las sequ\u00edas de los \u00faltimos a\u00f1os, que limitan la producci\u00f3n de las hidroel\u00e9ctricas, responsables de un 70% de la oferta (lo que para muchos expertos es demasiada dependencia en un solo m\u00e9todo de generaci\u00f3n).<\/p>\n<p>En diciembre de 2009, el gobierno decret\u00f3 una emergencia el\u00e9ctrica que se prolong\u00f3 por un a\u00f1o, pero los apagones continuaron.<\/p>\n<p>La sequ\u00eda fue identificada como la causa, aunque una alta funcionaria de Corpoelec reconoci\u00f3, en mayo de 2010, que \u00abtenemos serias<strong> debilidades en la generaci\u00f3n<\/strong> (\u2026) Esperamos poder ofrecer un sistema el\u00e9ctrico m\u00e1s estable para el pr\u00f3ximo a\u00f1o\u00bb.<\/p>\n<p>Los problemas, pese a las millonarias inversiones del gobierno, continuaron.<\/p>\n<p>En abril de 2013, el entonces ministro de Energ\u00eda, Jesse Chac\u00f3n, dijo que si en 100 d\u00edas no se cumpl\u00eda un plan para corregir el servicio el\u00e9ctrico, renunciaba.<\/p>\n<p>El plan se desarroll\u00f3 y, a los 100 d\u00edas, las cr\u00edticas llovieron sobre el ministro, que sali\u00f3 del cargo dos a\u00f1os y medio despu\u00e9s de aquella c\u00e9lebre promesa.<\/p>\n<h2 class=\"story-body__crosshead\">Generaci\u00f3n, falta de mantenimiento, escasez<\/h2>\n<p><strong>Las versiones sobre el sabotaje y la sequ\u00eda no convencen a muchos venezolanos<\/strong>, que saben del potencial el\u00e9ctrico que tiene el pa\u00eds petrolero no solo en teor\u00eda, sino en infraestructura ya instalada.<\/p>\n<p>En general, expertos consultados por BBC Mundo \u2013entre ellos ingenieros activos de Corpoelec\u2013 <strong>atribuyen los cortes de energ\u00eda al d\u00e9ficit de generaci\u00f3n de energ\u00eda, por un lado, y a la falta de mantenimiento del sistema, por el otro<\/strong>.<\/p>\n<div class=\"idt__mundo ns_datapic_stat ns_datapic_stat-- newsspec_infographic_template\">\n<div class=\"ns_outer_wrapper ns_outer_wrapper__align-bottom\">\n<div class=\"ns_inner_wrapper\">\n<div class=\"ns_header_wrapper\">\n<h2 class=\"ns_title \" data-test-id=\"vj_main_header\">Generaci\u00f3n el\u00e9ctrica en Venezuela<\/h2>\n<h3 class=\"ns_subtitle \" data-test-id=\"vj_sub_header\">Promedios en megavatio<\/h3>\n<\/div>\n<div class=\"ns_footer ns_small-text \"><\/div>\n<\/div>\n<\/div>\n<\/div>\n<p>En julio, el ministro Chac\u00f3n declar\u00f3 que el pa\u00eds genera entre 19.000 y 20.000 megavatios (MW) y la demanda se ubica entre 16.000 y 18.500 MW.<\/p>\n<p>Pero Jos\u00e9 Aguilar, quien como ingeniero el\u00e9ctrico ha sido consultor en m\u00e1s de 40 pa\u00edses y fue contratista de gobiernos venezolanos anteriores, dice que no se est\u00e1 generando suficiente energ\u00eda a pesar de que hay un sistema instalado para producir entre 22.000 y 34.000 MW.<\/p>\n<p>Basado en reportes oficiales filtrados, que le mostr\u00f3 a BBC Mundo<strong>, <\/strong>Aguilar dice que Venezuela genera actualmente un promedio de 17.000 MW para una demanda de aproximadamente 18.000 MW, creando un d\u00e9ficit de 1.000 MW.<\/p>\n<p>Aunque advierte que la disponibilidad, demanda y d\u00e9ficit cambian permanentemente \u2013incluso varias veces al d\u00eda\u2013, Aguilar dice que <strong>un 50% del sistema instalado est\u00e1 inactivo<\/strong>, seg\u00fan la informaci\u00f3n oficial filtrada.<\/p>\n<p>Ingenieros de Corpoelec corroboraron estas versiones a BBC Mundo.<\/p>\n<p>\u00abPero <strong>m\u00e1s que la generaci\u00f3n, la ra\u00edz del problema es que no hay infraestructura nueva para conexiones adicionales<\/strong>\u00ab, dice uno de estos ingenieros.<\/p>\n<p>\u00abEs un problema de distribuci\u00f3n: cada vez que se conecta alguien nuevo, se va mermando el conductor y se da\u00f1a el aislamiento y, si no se instalan nuevas v\u00edas de transmisi\u00f3n, el sistema colapsa\u00bb, explica.<\/p>\n<figure class=\"media-landscape has-caption full-width\"><span class=\"image-and-copyright-container\"><img loading=\"lazy\" decoding=\"async\" class=\"js-image-replace\" src=\"http:\/\/ichef.bbci.co.uk\/news\/ws\/624\/amz\/worldservice\/live\/assets\/images\/2015\/10\/28\/151028152825_venezuela_electricidad_torre_624.jpg\" alt=\"Torre de electricidad en Bol\u00edvar\" width=\"624\" height=\"352\" \/><\/span><figcaption class=\"media-caption\"><span class=\"off-screen\">Image caption<\/span><span class=\"media-caption__text\">A trav\u00e9s de estas torres y cables de alta tensi\u00f3n Bol\u00edvar le da luz pr\u00e1cticamente a toda Venezuela.<\/span><\/figcaption><\/figure>\n<p>Todo el sistema de distribuci\u00f3n de energ\u00eda \u2013desde el reemplazo de un transformador caducado hasta el repuesto del carro que usan los electricistas\u2013 se ve <strong>afectado por la crisis de divisas e importaciones que actualmente sufre Venezuela<\/strong>, una problem\u00e1tica que ha sido reconocida en varias memorias del ministerio de Energ\u00eda.<\/p>\n<p>\u00abPara comprar algo \u2013ponte t\u00fa un contador o un transformador\u2013 hay que pasar mucho trabajo burocr\u00e1tico y a veces el plazo de pago con el importador se vence\u00bb, se\u00f1ala el ingeniero.<\/p>\n<p>En la p\u00e1gina web de Corpoelec se encuentran cientos de documentos oficiales en los que la adquisici\u00f3n de nuevos equipos es declarada \u00abdesierta\u00bb por la imposibilidad de pago.<\/p>\n<h2 class=\"story-body__crosshead\">Conexiones ilegales<\/h2>\n<p>Como en cualquier barrio popular de Venezuela, que es donde vive la mayor\u00eda de la poblaci\u00f3n, en la zona Core 8 de Ciudad Guayana el cielo est\u00e1 tapado por una telara\u00f1a de cables.<\/p>\n<p>Amarrados desde los puntos de alta tensi\u00f3n hasta las casas, los cables le dan electricidad a<strong> cientos de personas que no pagan por el servicio, en una pr\u00e1ctica que se repite a lo largo del pa\u00eds.<\/strong><\/p>\n<figure class=\"media-landscape has-caption full-width\"><span class=\"image-and-copyright-container\"><img loading=\"lazy\" decoding=\"async\" class=\"js-image-replace\" src=\"http:\/\/ichef-1.bbci.co.uk\/news\/ws\/624\/amz\/worldservice\/live\/assets\/images\/2015\/10\/28\/151028152657_venezuela_electricidad_casas_624.jpg\" alt=\"Tomas de luz en el Core 8\" width=\"624\" height=\"352\" \/><\/span><figcaption class=\"media-caption\"><span class=\"off-screen\">Image caption<\/span><span class=\"media-caption__text\">As\u00ed se ven la mayor\u00eda de los barrios venezolanos, con el cielo tapado por cables de tomas ilegales de electricidad.<\/span><\/figcaption><\/figure>\n<p>\u00abAc\u00e1, siendo conservador, no paga luz un 70% de la gente\u00bb, dice un ferretero del Core 8 que instala conexiones ilegales.<\/p>\n<p>Una ley de 2010 castiga con 1 a 5 a\u00f1os de c\u00e1rcel el robo de electricidad, pero en 8 a\u00f1os instalando conexiones ilegales el ferretero dice no haber conocido un solo caso que haya sido sancionado.<\/p>\n<p>En medio de la bonanza que vivi\u00f3 Venezuela entre 2004 y 2008, y gracias a los planes sociales del gobierno, <strong>millones de personas compraron televisores, lavadoras o aires acondicionados importados a precios m\u00f3dicos.<\/strong><\/p>\n<p>La demanda, seg\u00fan cifras oficiales, se duplic\u00f3 en una d\u00e9cada, dejando a Venezuela como <strong>el mayor consumidor per c\u00e1pita de electricidad en Am\u00e9rica Latina.<\/strong><\/p>\n<p>\u00abY como en una ciudad donde hay cada vez m\u00e1s carros pero no se construyen autopistas, el atasco del sistema se hizo inevitable\u00bb, le dice a BBC Mundo un experto en electricidad y exfuncionario de una empresa del gobierno que pidi\u00f3 no ser identificado.<\/p>\n<h2 class=\"story-body__crosshead\">Un sistema de lujo<\/h2>\n<p>Las venezolanas fueron de las primeras ciudades en Am\u00e9rica Latina en tener electricidad, pero el sistema que fue pionero durante d\u00e9cadas hoy se ve rezagado en comparaci\u00f3n con otros pa\u00edses.<\/p>\n<figure class=\"media-landscape has-caption full-width\"><span class=\"image-and-copyright-container\"><img loading=\"lazy\" decoding=\"async\" class=\"js-image-replace\" src=\"http:\/\/ichef.bbci.co.uk\/news\/ws\/624\/amz\/worldservice\/live\/assets\/images\/2015\/10\/30\/151030105815_blackout_caracas_624x351_afp_nocredit.jpg\" alt=\"Apag\u00f3n en Caracas, Venezuela.\" width=\"624\" height=\"351\" \/><span class=\"off-screen\">Image copyright<\/span><span class=\"story-image-copyright\">AFP<\/span><\/span><figcaption class=\"media-caption\"><span class=\"off-screen\">Image caption<\/span><span class=\"media-caption__text\">Ni siquiera la capital, Caracas, se salva de los apagones.<\/span><\/figcaption><\/figure>\n<p>Tras 8 a\u00f1os de existencia, Corpoelec a\u00fan depende de la financiaci\u00f3n del Estado, a diferencia de su antecesora, Electrificaci\u00f3n del Caron\u00ed C.A. (Edelca), una compa\u00f1\u00eda tambi\u00e9n p\u00fablica encargada de la generaci\u00f3n el\u00e9ctrica que contrataba empresas mixtas y privadas para la transmisi\u00f3n, transformaci\u00f3n y distribuci\u00f3n de la electricidad.<\/p>\n<p>Edelca era la compa\u00f1\u00eda donde todo ingeniero el\u00e9ctrico venezolano quer\u00eda trabajar, seg\u00fan varios testimonios de trabajadores. Era prestigiosa, moderna, eficiente.<\/p>\n<p>Hoy los empleados recuerdan con nostalgia las actividades tur\u00edsticas y deportivas que desarrollaba Edelca e, incluso, muchos a\u00fan se ponen el uniforme de la extinta compa\u00f1\u00eda.<\/p>\n<p>&nbsp;<\/p>\n<h2 class=\"story-body__crosshead\">Una maravilla del hombre<\/h2>\n<p>En la Central Hidroel\u00e9ctrica Sim\u00f3n Bol\u00edvar, mejor conocida como<strong> la represa de Guri<\/strong>, el logo de Edelca, inspirado en unos petroglifos que encontraron durante la construcci\u00f3n de la planta, sigue decorando las puertas de las salas de m\u00e1quinas.<\/p>\n<p>El Guri, que est\u00e1 a 100 kil\u00f3metros de Ciudad Guayana, se convirti\u00f3 en<strong> la hidroel\u00e9ctrica m\u00e1s grande del mundo cuando termin\u00f3 su segunda etapa de construcci\u00f3n, en 1986.<\/strong> Ahora, es la tercera m\u00e1s grande.<\/p>\n<figure class=\"media-landscape has-caption full-width\"><span class=\"image-and-copyright-container\"><img loading=\"lazy\" decoding=\"async\" class=\"js-image-replace\" src=\"http:\/\/ichef.bbci.co.uk\/news\/ws\/624\/amz\/worldservice\/live\/assets\/images\/2015\/10\/28\/151028154314_venezuela_electricidad_hidroelectrica_guri_624.jpg\" alt=\"Hidroel\u00e9ctrica del Guri\" width=\"624\" height=\"352\" \/><\/span><figcaption class=\"media-caption\"><span class=\"off-screen\">Image caption<\/span><span class=\"media-caption__text\">La hidroel\u00e9ctrica del Guri, en Bol\u00edvar, es la mayor generadora de energ\u00eda del pa\u00eds y, seg\u00fan algunas fuentes, est\u00e1 parcialmente inactiva.<\/span><\/figcaption><\/figure>\n<p>En el Guri, durante una visita para turistas, me sent\u00ed al frente de una maravilla del hombre: como si visitara una pir\u00e1mide mesoamericana.<\/p>\n<p>El v\u00e9rtigo que producen sus pendientes, el sonido de la energ\u00eda que cruza los caudales del r\u00edo hasta el patio de distribuci\u00f3n y los enormes cuartos de m\u00e1quinas decorados con la obra cin\u00e9tica del artista venezolano Carlos Cruz-Diez son elementos de un escenario que, en medio de una exuberante sabana, sirve para imprimir postales.<\/p>\n<p>Del Guri sale entre el 60 y el 70% de la electricidad que consumen los venezolanos.<\/p>\n<p>Y aunque la versi\u00f3n oficial es que 16 de sus 20 turbinas est\u00e1n funcionando, otras fuentes dicen que solo entre 10 y 12 m\u00e1quinas est\u00e1n activas.<\/p>\n<p>Los trabajadores con los que habl\u00e9, si bien se sienten orgullosos de esta joya venezolana, revelan algo de rencor cuando se refieren a ella: \u00abEsto lo tienen abandonado\u00bb, dijeron vario<\/p>\n<h2 class=\"story-body__crosshead\">\u00abCorpoelec no es Edelca\u00bb<\/h2>\n<p>Muchos de los trabajadores se declaran chavistas, pero exhiben esa misma desaz\u00f3n cuando se refieren a Corpoelec, una empresa que cre\u00f3 el expresidente para centralizar el sistema el\u00e9ctrico en manos del Estado; \u00abcomo debe ser\u00bb, dijo en su momento.<\/p>\n<p>La estructura de la compa\u00f1\u00eda fue modificada, <strong>muchos gerentes de corte t\u00e9cnico fueron remplazados por pol\u00edticos y los militares ganaron relevancia dentro de la empresa<\/strong>, seg\u00fan varios testimonios de empleados recogidos por BBC Mundo.<\/p>\n<figure class=\"media-landscape has-caption full-width\"><span class=\"image-and-copyright-container\"><img loading=\"lazy\" decoding=\"async\" class=\"js-image-replace\" src=\"http:\/\/ichef.bbci.co.uk\/news\/ws\/624\/amz\/worldservice\/live\/assets\/images\/2015\/10\/28\/151028152658_venezuela_electricidad_embalse_guri_624.jpg\" alt=\"Embalse del Guri\" width=\"624\" height=\"352\" \/><\/span><figcaption class=\"media-caption\"><span class=\"off-screen\">Image caption<\/span><span class=\"media-caption__text\">El embalse del Guri, que abastece de agua a la hidroel\u00e9ctrica, es el s\u00e9ptimo lago artificial m\u00e1s grande del mundo.<\/span><\/figcaption><\/figure>\n<p>Despu\u00e9s de la centralizaci\u00f3n, muchos de los casi 50.000 trabajadores duraron cuatro a\u00f1os sin un ajuste salarial.<\/p>\n<p>Y en la ola de fuga de cerebros que ha afectado a todos los sectores industriales del pa\u00eds, Corpoelec, me aseguran trabajadores de la empresa, no ha sido la excepci\u00f3n<\/p>\n<p>En ese edificio al que los guayaneses siguen llamando \u00abEdelca\u00bb hay muchos trabajadores que solo trabajan en la ma\u00f1ana, porque el aire acondicionado est\u00e1 da\u00f1ado hace meses.<\/p>\n<p>\u00abNosotros estamos trabajando con botas, cascos, alicates y veh\u00edculos obsoletos\u00bb, le dice a BBC Mundo F\u00e9lix M\u00e1rquez, directivo del sindicato de Corpoelec.<\/p>\n<p>\u00abLa semana pasada se nos mat\u00f3 un trabajador en Valencia electrocutado por no tener herramientas (\u2026) es el tercero que muere en dos meses por no tener equipamiento\u00bb, cuenta.<\/p>\n<p>\u00abTodo viene afectando por la econom\u00eda del pa\u00eds, pero tambi\u00e9n est\u00e1 el hecho de que <strong>politizaron un sector que debe ser t\u00e9cnico<\/strong>\u00ab, opina.<\/p>\n<p>Aunque las cosas parecen estar mejorando: recientemente la mayor\u00eda de los trabajadores recibieron un aumento del salario de hasta el 70% y, con la nueva gerencia, dice uno de ellos, <strong>\u00abse est\u00e1 respirando un aire diferente\u00bb.<\/strong><\/p>\n<p>\u00abPero para que volvamos a ser lo que \u00e9ramos va a tomar tiempo\u00bb, advierte.<\/p>\n<h2 class=\"story-body__crosshead\">Mayor racionamiento del pa\u00eds<\/h2>\n<p>La indignaci\u00f3n de los trabajadores y habitantes de Ciudad Guayana por el servicio el\u00e9ctrico no solo se debe a que la energ\u00eda se genera aqu\u00ed, sino a que este estado de<strong> Bol\u00edvar es el que m\u00e1s racionamiento ha sufrido en todo el pa\u00eds.<\/strong><\/p>\n<p>Seg\u00fan Aguilar, \u00abal d\u00e9ficit de energ\u00eda general de 1.000 MW en promedio, hay que a\u00f1adir otros 1.400 MW que les racionaron a las empresas b\u00e1sicas de Guayana\u00bb.<\/p>\n<figure class=\"media-landscape has-caption full-width\"><span class=\"image-and-copyright-container\"><img loading=\"lazy\" decoding=\"async\" class=\"js-image-replace alignleft\" src=\"http:\/\/ichef.bbci.co.uk\/news\/ws\/624\/amz\/worldservice\/live\/assets\/images\/2015\/10\/28\/151028152741_venezuela_electricidad_periodico_624.jpg\" alt=\"Joven vende peri\u00f3dico\" width=\"624\" height=\"352\" \/><\/span><figcaption class=\"media-caption\"><span class=\"off-screen\">Image caption<\/span><span class=\"media-caption__text\">La noticia del d\u00eda cuando estuvimos en Ciudad Guayana: volvi\u00f3 la luz al aeropuerto despu\u00e9s de tres d\u00edas sin poder recibir vuelos nocturnos.<\/span><\/figcaption><\/figure>\n<p>En esta ciudad se encuentra <strong>uno de los parques industriales m\u00e1s grandes de Am\u00e9rica Latina<\/strong>, con el potencial para producir aluminio, acero y oro en cantidad y calidad de primer rango.<\/p>\n<p>Ch\u00e1vez invirti\u00f3 miles de millones de d\u00f3lares en el relanzamiento de las empresas de Ciudad Guayana.<\/p>\n<p>En aluminio, por ejemplo, la idea era convertirse en el mayor productor del mundo, un objetivo factible debido a las reservas de bauxita que posee Venezuela, las terceras m\u00e1s grandes del mundo.<\/p>\n<p>Para esto era fundamental que las empresas de Ciudad Guayana tuvieran una amplia y estable oferta de electricidad, que se esperaba fuera surtida por <strong>la planta Manuel Piar, en Tocoma.<\/strong><\/p>\n<p>Pero la hidroel\u00e9ctrica, que se ha visto enfrascada en varios de los esc\u00e1ndalos de corrupci\u00f3n de conocimiento p\u00fablico que han empa\u00f1ado la contrataci\u00f3n de servicios el\u00e9ctricos, <strong>no ha podido prender motores tras 14 a\u00f1os de iniciada la construcci\u00f3n.<\/strong><\/p>\n<p>Basado en reportes oficiales, Aguilar calcula que el Estado venezolano hizo inversiones en electricidad por US$48.000 millones 50 a\u00f1os de siglo XX, mientras que en los 16 a\u00f1os de revoluci\u00f3n se han gastado US$95.000 millones.<\/p>\n<figure class=\"media-landscape has-caption full-width\"><span class=\"image-and-copyright-container\"><img loading=\"lazy\" decoding=\"async\" class=\"js-image-replace\" src=\"http:\/\/ichef-1.bbci.co.uk\/news\/ws\/624\/amz\/worldservice\/live\/assets\/images\/2015\/10\/28\/151028152825_venezuela_electricidad_transito_624.jpg\" alt=\"Ciudadano ayuda con el tr\u00e1nsito\" width=\"624\" height=\"352\" \/><\/span><figcaption class=\"media-caption\"><span class=\"off-screen\">Image caption<\/span><span class=\"media-caption__text\">A falta de algunos sem\u00e1foros, la gente ayuda con el tr\u00e1nsito a cambio de unos cuantos bol\u00edvares.<\/span><\/figcaption><\/figure>\n<p><strong>Casi todas las empresas b\u00e1sicas de Ciudad Guayana dan p\u00e9rdidas y producen muy por debajo de su capacidad<\/strong>, seg\u00fan reportes oficiales.<\/p>\n<p>\u00abCuando el gobierno se dio cuenta que no pod\u00eda alcanzar los objetivos del Plan Guayana por falta de electricidad, decidi\u00f3 cortarle la luz a las empresas para darle prioridad a la poblaci\u00f3n\u00bb, le dice a BBC Mundo Carlos Rojas, exdirector laboral de Venalum, la empresa de aluminio, exdiputado chavista y hoy activista opositor.<\/p>\n<p>\u00abCon eso el gobierno detuvo el desarrollo de Guayana, la llev\u00f3 a su m\u00ednima expresi\u00f3n, afect\u00f3 enormemente la producci\u00f3n y, al no reducir el personal, tuvo que empezar a subsidiar las empresas con la renta petrolera\u00bb, explica.<\/p>\n<p>Est\u00edlito Garc\u00eda, durante 14 a\u00f1os secretario del sindicato de trabajadores del aluminio, dice que \u00abestas empresas fueron construidas para ser rentables, sin importar si usabas la renta para guardarla o construir viviendas o rob\u00e1rtela\u00bb.<\/p>\n<p>\u00abPero para este gobierno la rentabilidad no fue prioridad, y al no serla dejaron caer a las empresas de Guayana\u00bb, concluye.<\/p>\n<h2 class=\"story-body__crosshead\">Entre la oscuridad y el calor<\/h2>\n<p>El habitante de Ciudad Guayana sabe del potencial que tiene su tierra: por donde quiera que uno pase se pueden ver las colosales instalaciones de las empresas.<\/p>\n<p>Sin embargo, los guayaneses deben lidiar a diario con sem\u00e1foros da\u00f1ados, cortes frecuentes de luz y, en general, <strong>una oscuridad que los lleva a llamar su urbe \u00abCiudad G\u00f3tica\u00bb.<\/strong><\/p>\n<figure class=\"media-landscape has-caption full-width\"><span class=\"image-and-copyright-container\"><img loading=\"lazy\" decoding=\"async\" class=\"js-image-replace\" src=\"http:\/\/ichef-1.bbci.co.uk\/news\/ws\/624\/amz\/worldservice\/live\/assets\/images\/2015\/10\/28\/151028152610_venezuela_electricidad_624.jpg\" alt=\"Core 8, en Ciudad Guayana\" width=\"624\" height=\"352\" \/><\/span><figcaption class=\"media-caption\"><span class=\"off-screen\">Image caption<\/span><span class=\"media-caption__text\">En el Core 8, de Ciudad Guayana, la mayor\u00eda recibe luz por medio de tomas artesanales. La escena se repite en todo el pa\u00eds.<\/span><\/figcaption><\/figure>\n<p>De vuelta en el Core 8, una mujer en una fila para comprar arroz cuenta que l<strong>a lluvia \u00abes un como switch que apaga la luz\u00bb.<\/strong><\/p>\n<p>Parad\u00f3jicamente el agua, que es la fuente de electricidad, ac\u00e1 en Guayana perjudica el servicio porque cuando llueve se generan cortos en las tanquillas el\u00e9ctricas, que se inundan con facilidad.<\/p>\n<p>El domingo, el ministro Motta dijo que <strong>Ciudad Guayana \u00abest\u00e1 presentando momentos de emergencia\u00bb el\u00e9ctrica por las lluvias.<\/strong><\/p>\n<p>La mujer en la cola cuenta que hace una semana un cambio de mando en la base militar que da nombre al Core 8 produjo un apag\u00f3n de 7 horas.<\/p>\n<p>La se\u00f1ora de 43 a\u00f1os, que carga una sombrilla para protegerse del sol, se queja de que los cortes la obligan a \u00ablavar la ropa a mano, cocinar sin microondas y distraer a los ni\u00f1os sin televisi\u00f3n\u00bb.<\/p>\n<p>Es temprano en la ma\u00f1ana; los 32 grados cent\u00edgrados que marca el term\u00f3metro se a\u00f1aden a una humedad del 80% que vaticina un palo de agua en la tarde.<\/p>\n<p>\u00abNada de esto es tan grave como el calor\u00bb, a\u00f1ade ella.<\/p>\n<p>\u00abSi hubiera un aire acondicionado que funcione sin luz, lo compro\u2026 no me importa sacrificar dos comidas\u00bb.<\/p>\n<\/div>\n<\/div>\n<div class=\"share share--lightweight  show ghost-column\">nido relaciona<\/div>\n<div class=\"story-more\"><\/div>\n","protected":false},"excerpt":{"rendered":"<p>Ram\u00f3n Gonz\u00e1lez ha librado innumerables batallas en busca de un buen servicio el\u00e9ctrico, pero a\u00fan se siente insatisfecho. Este habitante de Ciudad Guayana, en el estado venezolano de Bol\u00edvar, ha recogido firmas y trancado calles para lograr que, por ejemplo, remplacen un transformador o pongan un poste. Han sido casi 10 a\u00f1os de constante \u00ablucha\u00bb [&hellip;]<\/p>\n","protected":false},"author":4,"featured_media":30608,"comment_status":"open","ping_status":"open","sticky":false,"template":"","format":"standard","meta":{"footnotes":""},"categories":[48],"tags":[],"class_list":["post-30596","post","type-post","status-publish","format-standard","has-post-thumbnail","hentry","category-venezuela"],"_links":{"self":[{"href":"https:\/\/2horizontes.com\/index.php?rest_route=\/wp\/v2\/posts\/30596","targetHints":{"allow":["GET"]}}],"collection":[{"href":"https:\/\/2horizontes.com\/index.php?rest_route=\/wp\/v2\/posts"}],"about":[{"href":"https:\/\/2horizontes.com\/index.php?rest_route=\/wp\/v2\/types\/post"}],"author":[{"embeddable":true,"href":"https:\/\/2horizontes.com\/index.php?rest_route=\/wp\/v2\/users\/4"}],"replies":[{"embeddable":true,"href":"https:\/\/2horizontes.com\/index.php?rest_route=%2Fwp%2Fv2%2Fcomments&post=30596"}],"version-history":[{"count":1,"href":"https:\/\/2horizontes.com\/index.php?rest_route=\/wp\/v2\/posts\/30596\/revisions"}],"predecessor-version":[{"id":30609,"href":"https:\/\/2horizontes.com\/index.php?rest_route=\/wp\/v2\/posts\/30596\/revisions\/30609"}],"wp:featuredmedia":[{"embeddable":true,"href":"https:\/\/2horizontes.com\/index.php?rest_route=\/wp\/v2\/media\/30608"}],"wp:attachment":[{"href":"https:\/\/2horizontes.com\/index.php?rest_route=%2Fwp%2Fv2%2Fmedia&parent=30596"}],"wp:term":[{"taxonomy":"category","embeddable":true,"href":"https:\/\/2horizontes.com\/index.php?rest_route=%2Fwp%2Fv2%2Fcategories&post=30596"},{"taxonomy":"post_tag","embeddable":true,"href":"https:\/\/2horizontes.com\/index.php?rest_route=%2Fwp%2Fv2%2Ftags&post=30596"}],"curies":[{"name":"wp","href":"https:\/\/api.w.org\/{rel}","templated":true}]}}