{"id":30570,"date":"2015-10-30T16:46:59","date_gmt":"2015-10-30T15:46:59","guid":{"rendered":"http:\/\/2horizontes.com\/?p=30570"},"modified":"2015-10-30T16:48:41","modified_gmt":"2015-10-30T15:48:41","slug":"empleados-del-palacio-nacional-salen-a-las-calles-a-combatir-el-dengue-rd","status":"publish","type":"post","link":"https:\/\/2horizontes.com\/?p=30570","title":{"rendered":"Empleados del Palacio Nacional salen a las calles a combatir el dengue RD"},"content":{"rendered":"<p>RD-SANTO DOMINGO- Empleados de las diversas dependencias del Palacio Nacional se desplegaron este viernes hacia las 32 provincias del pa\u00eds para participar en la jornada nacional \u00abTodos Juntos Contra el Dengue, Mi Casa Sin Gusarapos\u00bb.<\/p>\n<p>Los funcionarios, que fueron previamente capacitados, tendr\u00e1n como tarea eliminar los criaderos de mosquitos y orientar a la poblaci\u00f3n sobre las medidas preventivas para enfrentar esta enfermedad.<\/p>\n<p>La jornada nacional fue anunciada el pasado lunes por la ministra de salud, Altagracia Guzm\u00e1n, y prev\u00e9 la participaci\u00f3n de los funcionarios p\u00fablicos de los diversos ministerios, los cuales tendr\u00e1n como base de operaciones las gobernaciones.<\/p>\n","protected":false},"excerpt":{"rendered":"<p>RD-SANTO DOMINGO- Empleados de las diversas dependencias del Palacio Nacional se desplegaron este viernes hacia las 32 provincias del pa\u00eds para participar en la jornada nacional \u00abTodos Juntos Contra el Dengue, Mi Casa Sin Gusarapos\u00bb. Los funcionarios, que fueron previamente capacitados, tendr\u00e1n como tarea eliminar los criaderos de mosquitos y orientar a la poblaci\u00f3n sobre [&hellip;]<\/p>\n","protected":false},"author":8,"featured_media":30572,"comment_status":"open","ping_status":"open","sticky":false,"template":"","format":"standard","meta":{"footnotes":""},"categories":[43,53,44,45],"tags":[],"class_list":["post-30570","post","type-post","status-publish","format-standard","has-post-thumbnail","hentry","category-politica","category-provincias","category-republica-dominicana","category-salud"],"_links":{"self":[{"href":"https:\/\/2horizontes.com\/index.php?rest_route=\/wp\/v2\/posts\/30570","targetHints":{"allow":["GET"]}}],"collection":[{"href":"https:\/\/2horizontes.com\/index.php?rest_route=\/wp\/v2\/posts"}],"about":[{"href":"https:\/\/2horizontes.com\/index.php?rest_route=\/wp\/v2\/types\/post"}],"author":[{"embeddable":true,"href":"https:\/\/2horizontes.com\/index.php?rest_route=\/wp\/v2\/users\/8"}],"replies":[{"embeddable":true,"href":"https:\/\/2horizontes.com\/index.php?rest_route=%2Fwp%2Fv2%2Fcomments&post=30570"}],"version-history":[{"count":1,"href":"https:\/\/2horizontes.com\/index.php?rest_route=\/wp\/v2\/posts\/30570\/revisions"}],"predecessor-version":[{"id":30573,"href":"https:\/\/2horizontes.com\/index.php?rest_route=\/wp\/v2\/posts\/30570\/revisions\/30573"}],"wp:featuredmedia":[{"embeddable":true,"href":"https:\/\/2horizontes.com\/index.php?rest_route=\/wp\/v2\/media\/30572"}],"wp:attachment":[{"href":"https:\/\/2horizontes.com\/index.php?rest_route=%2Fwp%2Fv2%2Fmedia&parent=30570"}],"wp:term":[{"taxonomy":"category","embeddable":true,"href":"https:\/\/2horizontes.com\/index.php?rest_route=%2Fwp%2Fv2%2Fcategories&post=30570"},{"taxonomy":"post_tag","embeddable":true,"href":"https:\/\/2horizontes.com\/index.php?rest_route=%2Fwp%2Fv2%2Ftags&post=30570"}],"curies":[{"name":"wp","href":"https:\/\/api.w.org\/{rel}","templated":true}]}}