{"id":30557,"date":"2015-10-30T15:48:01","date_gmt":"2015-10-30T14:48:01","guid":{"rendered":"http:\/\/2horizontes.com\/?p=30557"},"modified":"2015-10-30T15:49:06","modified_gmt":"2015-10-30T14:49:06","slug":"muere-mujer-que-su-marido-amarro-a-tanque-de-gas-y-le-prendio-fuego-a-la-casa-see-more-at-httpwww-elcaribe-com-do20151030muere-mujer-que-hombre-habia-amarrado-quemado-dentro-casasthash-pmid","status":"publish","type":"post","link":"https:\/\/2horizontes.com\/?p=30557","title":{"rendered":"Muere mujer que su marido amarr\u00f3 a tanque de gas y le prendi\u00f3 fuego a la casa RD"},"content":{"rendered":"<p><strong>RD- DAJABON &#8211; \u00a0<\/strong>Muri\u00f3 en la sala cuidados intensivo de la unidad de quemados del Hospital Robert Read Cabral de Santo Domingo, Ana Iris Rosario, de 45 a\u00f1os, quien el pasado d\u00eda 22 result\u00f3 con quemaduras tras su pareja amarrarla a un tanque de gas\u00a0 y prenderle fuego a su vivienda.<\/p>\n<p>Durante el incendio muri\u00f3 calcinado un nieto de la compa\u00f1era sentimental del presunto victimario, el gomero Jos\u00e9 Orides Valenzuela, de 40 a\u00f1os.<\/p>\n<p>El cad\u00e1ver de la mujer fue trasladado a Dajab\u00f3n para ser sepultado.<\/p>\n<p>Mientras que Valenzuela esta grave en el Hospital Mat\u00edas Ram\u00f3n Mella de Dajab\u00f3n, tras sufrir una agresi\u00f3n que otros presos le dieron \u00a0mientras se encontraba detenido en el destacamento de la Polic\u00eda. Adem\u00e1s tiene quemadura que tambi\u00e9n sufri\u00f3 en momentos que incendio la casa.<\/p>\n<p>Un video colgado en Facebook, revela la forma como el hombre fue golpeado y atacado por otros reclusos amarrado con una esposa a una puerta de hierro en presencia supuestamente de agentes policiales.<\/p>\n<p>Por el hecho la procuradora fiscal del Distrito Judicial de Dajab\u00f3n, Dannis Minaya, inform\u00f3 que el juez de la instrucci\u00f3n del Distrito Judicial de esta provincia, C\u00e9sar Dar\u00edo N\u00fa\u00f1ez, dispuso una medida de coerci\u00f3n de 6 meses contra el imputado, quien fue detenido en la provincia Montecristi cuando trataba de huir de las autoridades.<\/p>\n<p>&nbsp;<\/p>\n","protected":false},"excerpt":{"rendered":"<p>RD- DAJABON &#8211; \u00a0Muri\u00f3 en la sala cuidados intensivo de la unidad de quemados del Hospital Robert Read Cabral de Santo Domingo, Ana Iris Rosario, de 45 a\u00f1os, quien el pasado d\u00eda 22 result\u00f3 con quemaduras tras su pareja amarrarla a un tanque de gas\u00a0 y prenderle fuego a su vivienda. Durante el incendio muri\u00f3 [&hellip;]<\/p>\n","protected":false},"author":8,"featured_media":30558,"comment_status":"open","ping_status":"open","sticky":false,"template":"","format":"standard","meta":{"footnotes":""},"categories":[53,44],"tags":[],"class_list":["post-30557","post","type-post","status-publish","format-standard","has-post-thumbnail","hentry","category-provincias","category-republica-dominicana"],"_links":{"self":[{"href":"https:\/\/2horizontes.com\/index.php?rest_route=\/wp\/v2\/posts\/30557","targetHints":{"allow":["GET"]}}],"collection":[{"href":"https:\/\/2horizontes.com\/index.php?rest_route=\/wp\/v2\/posts"}],"about":[{"href":"https:\/\/2horizontes.com\/index.php?rest_route=\/wp\/v2\/types\/post"}],"author":[{"embeddable":true,"href":"https:\/\/2horizontes.com\/index.php?rest_route=\/wp\/v2\/users\/8"}],"replies":[{"embeddable":true,"href":"https:\/\/2horizontes.com\/index.php?rest_route=%2Fwp%2Fv2%2Fcomments&post=30557"}],"version-history":[{"count":2,"href":"https:\/\/2horizontes.com\/index.php?rest_route=\/wp\/v2\/posts\/30557\/revisions"}],"predecessor-version":[{"id":30560,"href":"https:\/\/2horizontes.com\/index.php?rest_route=\/wp\/v2\/posts\/30557\/revisions\/30560"}],"wp:featuredmedia":[{"embeddable":true,"href":"https:\/\/2horizontes.com\/index.php?rest_route=\/wp\/v2\/media\/30558"}],"wp:attachment":[{"href":"https:\/\/2horizontes.com\/index.php?rest_route=%2Fwp%2Fv2%2Fmedia&parent=30557"}],"wp:term":[{"taxonomy":"category","embeddable":true,"href":"https:\/\/2horizontes.com\/index.php?rest_route=%2Fwp%2Fv2%2Fcategories&post=30557"},{"taxonomy":"post_tag","embeddable":true,"href":"https:\/\/2horizontes.com\/index.php?rest_route=%2Fwp%2Fv2%2Ftags&post=30557"}],"curies":[{"name":"wp","href":"https:\/\/api.w.org\/{rel}","templated":true}]}}