{"id":30494,"date":"2015-10-30T10:16:44","date_gmt":"2015-10-30T09:16:44","guid":{"rendered":"http:\/\/2horizontes.com\/?p=30494"},"modified":"2015-10-30T10:17:30","modified_gmt":"2015-10-30T09:17:30","slug":"se-denuncian-torturas-a-mujeres-transexuales-en-una-carcel-de-mexico","status":"publish","type":"post","link":"https:\/\/2horizontes.com\/?p=30494","title":{"rendered":"Se denuncian torturas a mujeres transexuales en una c\u00e1rcel de M\u00e9xico"},"content":{"rendered":"<p>Muchas han sido las investigaciones que se han estado llevando a cabo durante todo el a\u00f1o pasado y es que las continuas acusaciones que se hicieron sobre las instituciones penitenciarias pertenecientes terminaron asustando al Colectivo LGTB y fueron las mismas asociaciones a favor de los derechos humanos las que han tratado por todos los medios de que la verdad, saliese a la luz.<\/p>\n<p>Ahora, la Comisi\u00f3n de Derechos Humanos de M\u00e9xico DF ha confirmado que las instituciones penitenciarias torturaron de manera atroz a ocho internas del Reclusorio Norte con el motivo ficticio adem\u00e1s, de que ten\u00edan que desalojar las celdas porque iban a intoxicarse con el humo.<\/p>\n<p>En este momento, las internas sufrieron todo tipo de golpes e insultos e incluso se ha conocido el caso de una de ellas que recibi\u00f3 patadas en la cabeza por parte de cinco empleados diferentes. El trato como podemos ver, ha sido de lo m\u00e1s desagradable pero hasta ahora, no se ha hecho justicia sobre el tema.<\/p>\n<p>Entrevistas a las reclusas en cuesti\u00f3n ha sido lo que ha servido para determinar lo que estaba pasando y el trato de tortura que estaban sufriendo porque adem\u00e1s, despu\u00e9s de esa noche, sigui\u00f3 la intimidaci\u00f3n y ello fue lo que mantuvo siempre en la alerta del miedo a las mujeres.<\/p>\n<p>Como respuesta, la Secretar\u00eda de Gobierno de M\u00e9xico DF ha sido condenada a indemnizar a las ocho reclusas que han sufrido este tipo de trato y estas miserias y ahora, se le tendr\u00e1 que dar tratamiento m\u00e9dico as\u00ed como apoyo psicol\u00f3gico por los da\u00f1os a cada una de ellas.<\/p>\n","protected":false},"excerpt":{"rendered":"<p>Muchas han sido las investigaciones que se han estado llevando a cabo durante todo el a\u00f1o pasado y es que las continuas acusaciones que se hicieron sobre las instituciones penitenciarias pertenecientes terminaron asustando al Colectivo LGTB y fueron las mismas asociaciones a favor de los derechos humanos las que han tratado por todos los medios [&hellip;]<\/p>\n","protected":false},"author":3,"featured_media":30495,"comment_status":"open","ping_status":"open","sticky":false,"template":"","format":"standard","meta":{"footnotes":""},"categories":[40,57],"tags":[],"class_list":["post-30494","post","type-post","status-publish","format-standard","has-post-thumbnail","hentry","category-internacionales","category-mundo-gay"],"_links":{"self":[{"href":"https:\/\/2horizontes.com\/index.php?rest_route=\/wp\/v2\/posts\/30494","targetHints":{"allow":["GET"]}}],"collection":[{"href":"https:\/\/2horizontes.com\/index.php?rest_route=\/wp\/v2\/posts"}],"about":[{"href":"https:\/\/2horizontes.com\/index.php?rest_route=\/wp\/v2\/types\/post"}],"author":[{"embeddable":true,"href":"https:\/\/2horizontes.com\/index.php?rest_route=\/wp\/v2\/users\/3"}],"replies":[{"embeddable":true,"href":"https:\/\/2horizontes.com\/index.php?rest_route=%2Fwp%2Fv2%2Fcomments&post=30494"}],"version-history":[{"count":1,"href":"https:\/\/2horizontes.com\/index.php?rest_route=\/wp\/v2\/posts\/30494\/revisions"}],"predecessor-version":[{"id":30496,"href":"https:\/\/2horizontes.com\/index.php?rest_route=\/wp\/v2\/posts\/30494\/revisions\/30496"}],"wp:featuredmedia":[{"embeddable":true,"href":"https:\/\/2horizontes.com\/index.php?rest_route=\/wp\/v2\/media\/30495"}],"wp:attachment":[{"href":"https:\/\/2horizontes.com\/index.php?rest_route=%2Fwp%2Fv2%2Fmedia&parent=30494"}],"wp:term":[{"taxonomy":"category","embeddable":true,"href":"https:\/\/2horizontes.com\/index.php?rest_route=%2Fwp%2Fv2%2Fcategories&post=30494"},{"taxonomy":"post_tag","embeddable":true,"href":"https:\/\/2horizontes.com\/index.php?rest_route=%2Fwp%2Fv2%2Ftags&post=30494"}],"curies":[{"name":"wp","href":"https:\/\/api.w.org\/{rel}","templated":true}]}}